{"id":61556,"date":"2024-02-01T10:25:26","date_gmt":"2024-02-01T13:25:26","guid":{"rendered":"https:\/\/sectorprensa.com.ar\/?p=61556"},"modified":"2024-02-01T10:25:30","modified_gmt":"2024-02-01T13:25:30","slug":"piden-interpelar-a-lucas-ghi-por-los-reiterados-hechos-de-inseguridad-en-moron","status":"publish","type":"post","link":"https:\/\/sectorprensa.com.ar\/?p=61556","title":{"rendered":"Piden interpelar a Lucas Ghi por \u201clos reiterados hechos de inseguridad\u201d en Mor\u00f3n"},"content":{"rendered":"\n<h6 class=\"wp-block-heading\"><strong>Concejales de la oposici\u00f3n piden que el intendente explique el trabajo que se viene realizando en el Municipio con respecto a Seguridad. \u201cLa desidia e inoperancia no queremos seguir pag\u00e1ndola en vidas\u201d, dijo Rolando Moretto, de la UCR.<\/strong><\/h6>\n\n\n\n<p>Febrero comenz\u00f3 con un cambio en el \u00e1rea de Seguridad Ciudadana del Municipio de Mor\u00f3n: el intendente Lucas Ghi decidi\u00f3 que asumiera Andr\u00e9s Rodr\u00edguez, reemplazando a Gustavo Yapura.<\/p>\n\n\n\n<p>Sin embargo, en los \u00faltimos d\u00edas sucedieron varios robos, uno de ellos conmocion\u00f3 a los vecinos de Castelar, ya que asesinaron a Lucrecia Arias con intenciones de robarle el auto.<\/p>\n\n\n\n<p>Por ese motivo, 14 concejales de la oposici\u00f3n presentaron un pedido de interpelaci\u00f3n al intendente para que se presente en el Concejo Deliberante y explique el trabajo que se viene realizando en el Municipio con respecto a Seguridad.<\/p>\n\n\n\n<figure class=\"wp-block-embed is-type-rich is-provider-twitter wp-block-embed-twitter\"><div class=\"wp-block-embed__wrapper\">\n<blockquote class=\"twitter-tweet\" data-width=\"550\" data-dnt=\"true\"><p lang=\"es\" dir=\"ltr\">Los concejales de la oposici\u00f3n presentamos un pedido de interpelaci\u00f3n a <a href=\"https:\/\/twitter.com\/LucasGhi?ref_src=twsrc%5Etfw\">@LucasGhi<\/a> para que comparezca en el <a href=\"https:\/\/twitter.com\/hcd_moron?ref_src=twsrc%5Etfw\">@hcd_moron<\/a>, a fin de dar explicaciones sobre la ola delictiva en Mor\u00f3n y su pol\u00edtica en materia de seguridad<br><br>La desidia e inoperancia no queremos seguir pag\u00e1ndola en vidas <a href=\"https:\/\/t.co\/Jt6oYpDOHH\">pic.twitter.com\/Jt6oYpDOHH<\/a><\/p>&mdash; Roly Moretto (@rolymoretto) <a href=\"https:\/\/twitter.com\/rolymoretto\/status\/1752768275635646827?ref_src=twsrc%5Etfw\">January 31, 2024<\/a><\/blockquote><script async src=\"https:\/\/platform.twitter.com\/widgets.js\" charset=\"utf-8\"><\/script>\n<\/div><\/figure>\n\n\n\n<p>\u201cLos concejales de la oposici\u00f3n presentamos un pedido de interpelaci\u00f3n a Lucas Ghi para que comparezca en el Honorable Concejo Deliberante, a fin de dar explicaciones sobre la ola delictiva en Mor\u00f3n y su pol\u00edtica en materia de seguridad. La desidia e inoperancia no queremos seguir pag\u00e1ndola en vidas\u201d, dijo Rolando Moretto, de la UCR.<\/p>\n\n\n\n<figure class=\"wp-block-embed is-type-rich is-provider-twitter wp-block-embed-twitter\"><div class=\"wp-block-embed__wrapper\">\n<blockquote class=\"twitter-tweet\" data-width=\"550\" data-dnt=\"true\"><p lang=\"es\" dir=\"ltr\">\ud83d\udce2 HICIMOS UN PEDIDO INTERPELACI\u00d3N A LUCAS GHI<br><br>Es de p\u00fablico conocimiento la situaci\u00f3n dram\u00e1tica en t\u00e9rminos de seguridad en Mor\u00f3n. Por eso, los concejales de JxC, presentamos un pedido de interpelaci\u00f3n al intendente de UxP, <a href=\"https:\/\/twitter.com\/LucasGhi?ref_src=twsrc%5Etfw\">@LucasGhi<\/a> para que de explicaciones frente al cuerpo. <a href=\"https:\/\/t.co\/q1pc2JLhdQ\">pic.twitter.com\/q1pc2JLhdQ<\/a><\/p>&mdash; Silvina Samparisi (@sampasilvina) <a href=\"https:\/\/twitter.com\/sampasilvina\/status\/1752772917761339660?ref_src=twsrc%5Etfw\">January 31, 2024<\/a><\/blockquote><script async src=\"https:\/\/platform.twitter.com\/widgets.js\" charset=\"utf-8\"><\/script>\n<\/div><\/figure>\n\n\n\n<p>El documento fue firmado por los concejales Mar\u00eda Delia Traverso, Romina Fusco, Mar\u00eda Cecilia Sol\u00eda (integrantes del PRO); Francisco Mones Ruiz, Leandro Ugartemendia, Bernardo Magistocchi, Claudio Faro, Adri\u00e1n Colonna, Daniela C\u00e1ceres (Juntos por el Cambio); Rolando Moretto, Silvina Samparisi (UCR); Alejandra Liquitay, Ariel Aguilera y Pablo Tozzi (La Libertad Avanza).<\/p>\n\n\n\n<figure class=\"wp-block-embed is-type-wp-embed is-provider-sector-prensa wp-block-embed-sector-prensa\"><div class=\"wp-block-embed__wrapper\">\n<blockquote class=\"wp-embedded-content\" data-secret=\"5FwflckTGc\"><a href=\"https:\/\/sectorprensa.com.ar\/2024\/01\/30\/videos-tras-el-asesinato-a-lucrecia-vecinos-de-castelar-reclamaron-por-mas-seguridad\/\">[Videos] Tras el asesinato a Lucrecia, vecinos de Castelar reclamaron por m\u00e1s seguridad<\/a><\/blockquote><iframe loading=\"lazy\" class=\"wp-embedded-content\" sandbox=\"allow-scripts\" security=\"restricted\" style=\"position: absolute; clip: rect(1px, 1px, 1px, 1px);\" title=\"\u00ab[Videos] Tras el asesinato a Lucrecia, vecinos de Castelar reclamaron por m\u00e1s seguridad\u00bb \u2014 Sector Prensa\" src=\"https:\/\/sectorprensa.com.ar\/2024\/01\/30\/videos-tras-el-asesinato-a-lucrecia-vecinos-de-castelar-reclamaron-por-mas-seguridad\/embed\/#?secret=j38RaaSG5h#?secret=5FwflckTGc\" data-secret=\"5FwflckTGc\" width=\"600\" height=\"338\" frameborder=\"0\" marginwidth=\"0\" marginheight=\"0\" scrolling=\"no\"><\/iframe>\n<\/div><\/figure>\n","protected":false},"excerpt":{"rendered":"<p>Concejales de la oposici\u00f3n piden que el intendente explique el trabajo que se viene realizando en el Municipio con respecto<\/p>\n","protected":false},"author":6,"featured_media":61557,"comment_status":"closed","ping_status":"closed","sticky":false,"template":"","format":"standard","meta":{"colormag_page_container_layout":"default_layout","colormag_page_sidebar_layout":"default_layout","footnotes":""},"categories":[17,5,8],"tags":[3999,225,568,76,488,311,2525,1894,196,4975],"class_list":["post-61556","post","type-post","status-publish","format-standard","has-post-thumbnail","hentry","category-destacadas","category-moron","category-politica","tag-alejandra-liquitay","tag-bernardo-magistocchi","tag-concejales","tag-inseguridad","tag-leandro-ugartemendia","tag-lucas-ghi","tag-moron-2","tag-rolando-moretto","tag-seguridad","tag-silvina-samparisi"],"_links":{"self":[{"href":"https:\/\/sectorprensa.com.ar\/index.php?rest_route=\/wp\/v2\/posts\/61556","targetHints":{"allow":["GET"]}}],"collection":[{"href":"https:\/\/sectorprensa.com.ar\/index.php?rest_route=\/wp\/v2\/posts"}],"about":[{"href":"https:\/\/sectorprensa.com.ar\/index.php?rest_route=\/wp\/v2\/types\/post"}],"author":[{"embeddable":true,"href":"https:\/\/sectorprensa.com.ar\/index.php?rest_route=\/wp\/v2\/users\/6"}],"replies":[{"embeddable":true,"href":"https:\/\/sectorprensa.com.ar\/index.php?rest_route=%2Fwp%2Fv2%2Fcomments&post=61556"}],"version-history":[{"count":1,"href":"https:\/\/sectorprensa.com.ar\/index.php?rest_route=\/wp\/v2\/posts\/61556\/revisions"}],"predecessor-version":[{"id":61558,"href":"https:\/\/sectorprensa.com.ar\/index.php?rest_route=\/wp\/v2\/posts\/61556\/revisions\/61558"}],"wp:featuredmedia":[{"embeddable":true,"href":"https:\/\/sectorprensa.com.ar\/index.php?rest_route=\/wp\/v2\/media\/61557"}],"wp:attachment":[{"href":"https:\/\/sectorprensa.com.ar\/index.php?rest_route=%2Fwp%2Fv2%2Fmedia&parent=61556"}],"wp:term":[{"taxonomy":"category","embeddable":true,"href":"https:\/\/sectorprensa.com.ar\/index.php?rest_route=%2Fwp%2Fv2%2Fcategories&post=61556"},{"taxonomy":"post_tag","embeddable":true,"href":"https:\/\/sectorprensa.com.ar\/index.php?rest_route=%2Fwp%2Fv2%2Ftags&post=61556"}],"curies":[{"name":"wp","href":"https:\/\/api.w.org\/{rel}","templated":true}]}}