{"id":61808,"date":"2024-02-09T11:15:05","date_gmt":"2024-02-09T14:15:05","guid":{"rendered":"https:\/\/sectorprensa.com.ar\/?p=61808"},"modified":"2024-02-09T11:15:11","modified_gmt":"2024-02-09T14:15:11","slug":"mariel-fernandez-la-cultura-es-importante-sobre-todo-en-momentos-de-resistencia","status":"publish","type":"post","link":"https:\/\/sectorprensa.com.ar\/?p=61808","title":{"rendered":"Mariel Fern\u00e1ndez: \u201cLa cultura es importante sobre todo en momentos de resistencia\u201d"},"content":{"rendered":"\n<h6 class=\"wp-block-heading\"><strong>La intendenta, junto al secretario de Comunicaci\u00f3n, Vicente Linares, comparti\u00f3 un encuentro con artistas que pasaron por el Estudio de Grabaci\u00f3n Municipal durante el primer a\u00f1o de su funcionamiento.<\/strong><\/h6>\n\n\n\n<p>La intendenta de Moreno, Mariel Fern\u00e1ndez, junto al secretario de Comunicaci\u00f3n municipal, Vicente Linares, comparti\u00f3 un encuentro con artistas locales que pasaron por el Estudio de Grabaci\u00f3n Municipal durante su primer a\u00f1o de funcionamiento.<\/p>\n\n\n\n<p>El Estudio de Grabaci\u00f3n Municipal es un espacio de calidad, acustizado profesionalmente, con equipos de \u00faltima tecnolog\u00eda, y un equipo de trabajo especializado, formado por un productor musical y un ingeniero en sonido. El gobierno de Mariel Fern\u00e1ndez lo impuls\u00f3 con el objetivo de beneficiar a grupos musicales a trav\u00e9s de la profesionalizaci\u00f3n, promoci\u00f3n y difusi\u00f3n de sus proyectos de manera gratuita, y as\u00ed acompa\u00f1ar su trayectoria musical.<\/p>\n\n\n\n<p>\u201cLa idea del Estudio de Grabaci\u00f3n empez\u00f3 con la intenci\u00f3n de cumplirles el sue\u00f1o a los pibes y a las pibas de Moreno, y tambi\u00e9n para que las y los artistas locales puedan mostrar lo que hacen con material profesional y de calidad, porque recrear nuestra identidad cultural es fundamental\u201d, se\u00f1al\u00f3 la intendenta.<\/p>\n\n\n\n<p>\u201cSe hizo con mano de obra municipal, se buscaron y contrataron personas que sepan de ac\u00fastica, ingenieros de sonido que sepan de grabaci\u00f3n, buscando el mayor profesionalismo posible. Es un estudio hecho genuinamente con todo lo mejor posible, para todos los m\u00fasicos de Moreno\u201d, expres\u00f3 Vicente Linares y destac\u00f3 que \u201cEn este primer a\u00f1o pasaron m\u00e1s de 200 artistas y se grabaron m\u00e1s de 300 canciones. Nos pone muy contentos porque vemos que pasan m\u00fasicos que est\u00e1n en el Festival Urbano de Moreno y que se articula con toda la pol\u00edtica cultural del municipio\u201d.<\/p>\n\n\n\n<figure class=\"wp-block-embed is-type-rich is-provider-twitter wp-block-embed-twitter\"><div class=\"wp-block-embed__wrapper\">\n<blockquote class=\"twitter-tweet\" data-width=\"550\" data-dnt=\"true\"><p lang=\"es\" dir=\"ltr\">Compartimos experiencias con m\u00fasicos que pasaron por el Estudio de Grabaci\u00f3n Municipal de Moreno. Un placer escucharlos!<br><br>Aguante el arte y la cultura de Moreno \u2764\ufe0f <a href=\"https:\/\/t.co\/QXaUi6sFuu\">pic.twitter.com\/QXaUi6sFuu<\/a><\/p>&mdash; Mariel Fern\u00e1ndez (@marielfmoreno1) <a href=\"https:\/\/twitter.com\/marielfmoreno1\/status\/1755647683497246972?ref_src=twsrc%5Etfw\">February 8, 2024<\/a><\/blockquote><script async src=\"https:\/\/platform.twitter.com\/widgets.js\" charset=\"utf-8\"><\/script>\n<\/div><\/figure>\n\n\n\n<p>Adem\u00e1s, durante la actividad, las y los artistas presentes compartieron sus experiencias y sus grabaciones. En este marco, Jes\u00fas Leiva, joven rapero de Cuartel V, dijo: \u201cYo soy de barrio Sancho, y Mariel sabe bien que venimos de ah\u00ed donde las cosas surgen de otra manera y estamos todos tratando de involucrarnos a la cultura. Por eso agradezco mucho tener esta posibilidad.\u201d<\/p>\n\n\n\n<p>Por su parte, Brenda, del grupo Tango Mestizo, afirm\u00f3: \u201cUna grabaci\u00f3n es nuestra carta de bienvenida, nuestro curriculum y es muy dif\u00edcil acceder a un estudio profesional as\u00ed que tenemos gratitud infinita de poder hacerlo ac\u00e1.\u201d<\/p>\n\n\n\n<figure class=\"wp-block-embed is-type-rich is-provider-twitter wp-block-embed-twitter\"><div class=\"wp-block-embed__wrapper\">\n<blockquote class=\"twitter-tweet\" data-width=\"550\" data-dnt=\"true\"><p lang=\"es\" dir=\"ltr\">La idea del estudio de grabaci\u00f3n empez\u00f3 con la intenci\u00f3n de cumplirles el sue\u00f1o a los pibes y a las pibas de Moreno, y tambi\u00e9n para que las y los artistas locales puedan mostrar lo que hacen con material profesional y de calidad, (+) <a href=\"https:\/\/t.co\/1mCcehoDBk\">pic.twitter.com\/1mCcehoDBk<\/a><\/p>&mdash; Mariel Fern\u00e1ndez (@marielfmoreno1) <a href=\"https:\/\/twitter.com\/marielfmoreno1\/status\/1755355196916425154?ref_src=twsrc%5Etfw\">February 7, 2024<\/a><\/blockquote><script async src=\"https:\/\/platform.twitter.com\/widgets.js\" charset=\"utf-8\"><\/script>\n<\/div><\/figure>\n\n\n\n<p>En tanto, Graciela, directora del Coro Polif\u00f3nico Municipal, resalt\u00f3 que \u201cHace muchos a\u00f1os que estamos ac\u00e1 y es la primera vez que tenemos la posibilidad de grabar en el municipio. No es frecuente que alguien se interese en grabar a los artistas, no se ve que alguien se ocupe y menos desde la municipalidad.&nbsp; As\u00ed que estamos muy contentos, es muy importante que todo lo que producimos los artistas quede registrado.\u201d<\/p>\n\n\n\n<p>\u201cUna gran felicidad escuchar su m\u00fasica en vivo, las grabaciones, sus experiencias y las cosas lindas que les van pasando luego de haber pasado por el Estudio. La cultura siempre es importante, pero sobre todo en momentos de resistencia, por eso le agradecemos a cada artista por lo que hacen y ser refugio para la comunidad\u201d, concluy\u00f3 la intendenta. \u00a0<\/p>\n\n\n\n<figure class=\"wp-block-embed is-type-rich is-provider-twitter wp-block-embed-twitter\"><div class=\"wp-block-embed__wrapper\">\n<blockquote class=\"twitter-tweet\" data-width=\"550\" data-dnt=\"true\"><p lang=\"es\" dir=\"ltr\">La cultura siempre es importante, pero sobre todo en momentos de resistencia, por eso le agradecemos a cada artista por lo que hacen y ser refugio para la comunidad.<br><br>Vicente Linares<\/p>&mdash; Mariel Fern\u00e1ndez (@marielfmoreno1) <a href=\"https:\/\/twitter.com\/marielfmoreno1\/status\/1755355216608629043?ref_src=twsrc%5Etfw\">February 7, 2024<\/a><\/blockquote><script async src=\"https:\/\/platform.twitter.com\/widgets.js\" charset=\"utf-8\"><\/script>\n<\/div><\/figure>\n\n\n\n<p>Las personas interesadas en grabar en el Estudio Municipal, que se encuentra ubicado en Asconap\u00e9 75, Moreno Centro, deben solicitar un turno ingresando a estudio.moreno.gov.ar. Tambi\u00e9n pueden acceder a las novedades del mismo ingresando a la cuenta de instagram @estudio_moreno.<\/p>\n\n\n\n<figure class=\"wp-block-embed is-type-wp-embed is-provider-sector-prensa wp-block-embed-sector-prensa\"><div class=\"wp-block-embed__wrapper\">\n<blockquote class=\"wp-embedded-content\" data-secret=\"xAjaEwr6Rk\"><a href=\"https:\/\/sectorprensa.com.ar\/2024\/02\/01\/moreno-continua-la-construccion-del-polideportivo-en-cuartel-v\/\">Moreno: contin\u00faa la construcci\u00f3n del Polideportivo en Cuartel V<\/a><\/blockquote><iframe loading=\"lazy\" class=\"wp-embedded-content\" sandbox=\"allow-scripts\" security=\"restricted\" style=\"position: absolute; clip: rect(1px, 1px, 1px, 1px);\" title=\"\u00abMoreno: contin\u00faa la construcci\u00f3n del Polideportivo en Cuartel V\u00bb \u2014 Sector Prensa\" src=\"https:\/\/sectorprensa.com.ar\/2024\/02\/01\/moreno-continua-la-construccion-del-polideportivo-en-cuartel-v\/embed\/#?secret=HJqdwwfIhV#?secret=xAjaEwr6Rk\" data-secret=\"xAjaEwr6Rk\" width=\"600\" height=\"338\" frameborder=\"0\" marginwidth=\"0\" marginheight=\"0\" scrolling=\"no\"><\/iframe>\n<\/div><\/figure>\n","protected":false},"excerpt":{"rendered":"<p>La intendenta, junto al secretario de Comunicaci\u00f3n, Vicente Linares, comparti\u00f3 un encuentro con artistas que pasaron por el Estudio de<\/p>\n","protected":false},"author":6,"featured_media":61809,"comment_status":"closed","ping_status":"closed","sticky":false,"template":"","format":"standard","meta":{"colormag_page_container_layout":"default_layout","colormag_page_sidebar_layout":"default_layout","footnotes":""},"categories":[17,2154,1173,10],"tags":[7634,2898,437],"class_list":["post-61808","post","type-post","status-publish","format-standard","has-post-thumbnail","hentry","category-destacadas","category-moreno","category-municipales","category-sociedad","tag-estudio-de-grabacion","tag-mariel-fernandez","tag-moreno"],"_links":{"self":[{"href":"https:\/\/sectorprensa.com.ar\/index.php?rest_route=\/wp\/v2\/posts\/61808","targetHints":{"allow":["GET"]}}],"collection":[{"href":"https:\/\/sectorprensa.com.ar\/index.php?rest_route=\/wp\/v2\/posts"}],"about":[{"href":"https:\/\/sectorprensa.com.ar\/index.php?rest_route=\/wp\/v2\/types\/post"}],"author":[{"embeddable":true,"href":"https:\/\/sectorprensa.com.ar\/index.php?rest_route=\/wp\/v2\/users\/6"}],"replies":[{"embeddable":true,"href":"https:\/\/sectorprensa.com.ar\/index.php?rest_route=%2Fwp%2Fv2%2Fcomments&post=61808"}],"version-history":[{"count":1,"href":"https:\/\/sectorprensa.com.ar\/index.php?rest_route=\/wp\/v2\/posts\/61808\/revisions"}],"predecessor-version":[{"id":61811,"href":"https:\/\/sectorprensa.com.ar\/index.php?rest_route=\/wp\/v2\/posts\/61808\/revisions\/61811"}],"wp:featuredmedia":[{"embeddable":true,"href":"https:\/\/sectorprensa.com.ar\/index.php?rest_route=\/wp\/v2\/media\/61809"}],"wp:attachment":[{"href":"https:\/\/sectorprensa.com.ar\/index.php?rest_route=%2Fwp%2Fv2%2Fmedia&parent=61808"}],"wp:term":[{"taxonomy":"category","embeddable":true,"href":"https:\/\/sectorprensa.com.ar\/index.php?rest_route=%2Fwp%2Fv2%2Fcategories&post=61808"},{"taxonomy":"post_tag","embeddable":true,"href":"https:\/\/sectorprensa.com.ar\/index.php?rest_route=%2Fwp%2Fv2%2Ftags&post=61808"}],"curies":[{"name":"wp","href":"https:\/\/api.w.org\/{rel}","templated":true}]}}