{"id":61830,"date":"2024-02-09T19:39:18","date_gmt":"2024-02-09T22:39:18","guid":{"rendered":"https:\/\/sectorprensa.com.ar\/?p=61830"},"modified":"2024-02-10T19:38:18","modified_gmt":"2024-02-10T22:38:18","slug":"moreno-conductor-de-didi-se-defendio-de-un-robo-a-los-tiros-y-dejo-a-un-ladron-muy-grave","status":"publish","type":"post","link":"https:\/\/sectorprensa.com.ar\/?p=61830","title":{"rendered":"Moreno: conductor de DiDi se defendi\u00f3 de un robo a los tiros y dej\u00f3 a un ladr\u00f3n muy grave"},"content":{"rendered":"\n<h6 class=\"wp-block-heading\"><strong>Ocurri\u00f3 el jueves por la ma\u00f1ana en las calles Barker y F\u00e9lix de Azara, en Trujui. El delincuente est\u00e1 internado y lucha por su vida.<\/strong><\/h6>\n\n\n\n<p>Un chofer que trabaja para una aplicaci\u00f3n de viajes hiri\u00f3 de un balazo en la cabeza a uno de los tres ladrones que simularon ser pasajeros e intentaron robarle el auto en el partido de Moreno.<\/p>\n\n\n\n<p>El hecho sucedi\u00f3 ayer a la ma\u00f1ana en las calles Barker y F\u00e9lix de Azara, del barrio Villanueva de la localidad de Villa Trujui, cuando el chofer de 45 a\u00f1os fue en su auto Ford Ka a buscar a pasajeros que hab\u00edan contratado un servicio de viaje mediante la aplicaci\u00f3n DiDi.<\/p>\n\n\n\n<p>Pero cuando el conductor estaba por dejar a los pasajeros en el sitio indicado, fue amenazado con fines de robo.<\/p>\n\n\n\n<p>De acuerdo al testimonio de la v\u00edctima, los delincuentes comenzaron a intimidarlo con un arma de fuego para que les entregara sus pertenencias, por lo que \u00e9l en un momento se baj\u00f3 del rodado y, con un arma que portaba, dispar\u00f3 tres veces contra su propio auto en el que la banda hu\u00eda.<\/p>\n\n\n\n<p>Tras ello, los sospechosos dejaron abandonado en el auto e iniciaron la fuga a pie, momentos en que uno de ellos cay\u00f3 al suelo con una herida de bala en la cabeza, mientras que los dem\u00e1s huyeron.<\/p>\n\n\n\n<p>El herido fue llevado al hospital Mariano y Luciano de la Vega por una ambulancia del Same y permanec\u00eda internado con custodia policial y en estado reservado.<\/p>\n\n\n\n<p>La causa recay\u00f3 en la fiscal\u00eda de Moreno que est\u00e1 a cargo de Luisa Pontecorvo, quien imput\u00f3 al conductor de DiDi el delito de \u201chomicidio agravado por el uso de arma de fuego en grado de tentativa\u201d, pero no orden\u00f3 su detenci\u00f3n.<\/p>\n\n\n\n<p>El arma del hombre, para la cual contaba con permiso de tenencia, es una pistola calibre 9 mil\u00edmetros que qued\u00f3 secuestrada para los peritajes correspondientes.<\/p>\n\n\n\n<figure class=\"wp-block-embed is-type-wp-embed is-provider-sector-prensa wp-block-embed-sector-prensa\"><div class=\"wp-block-embed__wrapper\">\n<blockquote class=\"wp-embedded-content\" data-secret=\"b8NEgDbOZJ\"><a href=\"https:\/\/sectorprensa.com.ar\/2024\/02\/09\/mas-allanamientos-y-detenciones-en-moreno\/\">M\u00e1s allanamientos y detenciones en Moreno<\/a><\/blockquote><iframe loading=\"lazy\" class=\"wp-embedded-content\" sandbox=\"allow-scripts\" security=\"restricted\" style=\"position: absolute; clip: rect(1px, 1px, 1px, 1px);\" title=\"\u00abM\u00e1s allanamientos y detenciones en Moreno\u00bb \u2014 Sector Prensa\" src=\"https:\/\/sectorprensa.com.ar\/2024\/02\/09\/mas-allanamientos-y-detenciones-en-moreno\/embed\/#?secret=lEOJojffPm#?secret=b8NEgDbOZJ\" data-secret=\"b8NEgDbOZJ\" width=\"600\" height=\"338\" frameborder=\"0\" marginwidth=\"0\" marginheight=\"0\" scrolling=\"no\"><\/iframe>\n<\/div><\/figure>\n","protected":false},"excerpt":{"rendered":"<p>Ocurri\u00f3 el jueves por la ma\u00f1ana en las calles Barker y F\u00e9lix de Azara, en Trujui. El delincuente est\u00e1 internado<\/p>\n","protected":false},"author":6,"featured_media":30098,"comment_status":"closed","ping_status":"closed","sticky":false,"template":"","format":"standard","meta":{"colormag_page_container_layout":"default_layout","colormag_page_sidebar_layout":"default_layout","footnotes":""},"categories":[2154],"tags":[2072,165,74,2588],"class_list":["post-61830","post","type-post","status-publish","format-standard","has-post-thumbnail","hentry","category-moreno","tag-baleado","tag-delincuentes","tag-robo","tag-trujui"],"_links":{"self":[{"href":"https:\/\/sectorprensa.com.ar\/index.php?rest_route=\/wp\/v2\/posts\/61830","targetHints":{"allow":["GET"]}}],"collection":[{"href":"https:\/\/sectorprensa.com.ar\/index.php?rest_route=\/wp\/v2\/posts"}],"about":[{"href":"https:\/\/sectorprensa.com.ar\/index.php?rest_route=\/wp\/v2\/types\/post"}],"author":[{"embeddable":true,"href":"https:\/\/sectorprensa.com.ar\/index.php?rest_route=\/wp\/v2\/users\/6"}],"replies":[{"embeddable":true,"href":"https:\/\/sectorprensa.com.ar\/index.php?rest_route=%2Fwp%2Fv2%2Fcomments&post=61830"}],"version-history":[{"count":1,"href":"https:\/\/sectorprensa.com.ar\/index.php?rest_route=\/wp\/v2\/posts\/61830\/revisions"}],"predecessor-version":[{"id":61831,"href":"https:\/\/sectorprensa.com.ar\/index.php?rest_route=\/wp\/v2\/posts\/61830\/revisions\/61831"}],"wp:featuredmedia":[{"embeddable":true,"href":"https:\/\/sectorprensa.com.ar\/index.php?rest_route=\/wp\/v2\/media\/30098"}],"wp:attachment":[{"href":"https:\/\/sectorprensa.com.ar\/index.php?rest_route=%2Fwp%2Fv2%2Fmedia&parent=61830"}],"wp:term":[{"taxonomy":"category","embeddable":true,"href":"https:\/\/sectorprensa.com.ar\/index.php?rest_route=%2Fwp%2Fv2%2Fcategories&post=61830"},{"taxonomy":"post_tag","embeddable":true,"href":"https:\/\/sectorprensa.com.ar\/index.php?rest_route=%2Fwp%2Fv2%2Ftags&post=61830"}],"curies":[{"name":"wp","href":"https:\/\/api.w.org\/{rel}","templated":true}]}}