{"id":61902,"date":"2024-02-13T11:38:02","date_gmt":"2024-02-13T14:38:02","guid":{"rendered":"https:\/\/sectorprensa.com.ar\/?p=61902"},"modified":"2024-02-13T11:38:03","modified_gmt":"2024-02-13T14:38:03","slug":"se-realizaron-los-carnavales-murgueros-en-merlo-nos-da-mucha-felicidad","status":"publish","type":"post","link":"https:\/\/sectorprensa.com.ar\/?p=61902","title":{"rendered":"Se realizaron los carnavales murgueros en Merlo: \u201cNos da mucha felicidad\u201d"},"content":{"rendered":"\n<h6 class=\"wp-block-heading\"><strong>Cientos de vecinos disfrutaron de las mejores expresiones art\u00edsticas del carnaval merlense que, con gran convocatoria, se realizaron en la Casa de la Cultura y en el Parque Cultural de San Antonio de Padua.<\/strong><\/h6>\n\n\n\n<p>La Subsecretar\u00eda de Cultura colabor\u00f3 con el evento y cedi\u00f3 los espacios para que el mismo se llevase adelante.<\/p>\n\n\n\n<p>En este sentido Marcela Escobar, coordinadora, destac\u00f3 el trabajo en conjunto y el apoyo que reciben por parte Municipio para la realizaci\u00f3n de los carnavales murgueros.<\/p>\n\n\n\n<p>Por su parte, la integrante de la murga \u201cAlegr\u00eda Carnavalera\u201d, Mariana, expres\u00f3 que \u201cnos da mucha felicidad poder compartir todo esto con los vecinos de Merlo. Es alegr\u00eda, diversi\u00f3n y un lugar para pasarla bien en familia\u201d.<\/p>\n\n\n\n<p>Las murgas que participaron fueron:<\/p>\n\n\n\n<p>\u2022 Remontame la Pandorga<\/p>\n\n\n\n<p>\u2022 Murgueros de la Nada<\/p>\n\n\n\n<p>\u2022 Los Ponchos de Margaret<\/p>\n\n\n\n<p>\u2022 Rebeld\u00eda Carnavalera<\/p>\n\n\n\n<p>\u2022 Pateando Tristezas<\/p>\n\n\n\n<p>\u2022 Herencia Murguera<\/p>\n\n\n\n<p>\u2022 Firuletes de Pompeya<\/p>\n\n\n\n<figure class=\"wp-block-embed is-type-wp-embed is-provider-sector-prensa wp-block-embed-sector-prensa\"><div class=\"wp-block-embed__wrapper\">\n<blockquote class=\"wp-embedded-content\" data-secret=\"diHghXDzDW\"><a href=\"https:\/\/sectorprensa.com.ar\/2024\/02\/07\/merlo-gran-jornada-de-murgas-del-oeste\/\">Merlo: gran jornada de murgas del oeste<\/a><\/blockquote><iframe loading=\"lazy\" class=\"wp-embedded-content\" sandbox=\"allow-scripts\" security=\"restricted\" style=\"position: absolute; clip: rect(1px, 1px, 1px, 1px);\" title=\"\u00abMerlo: gran jornada de murgas del oeste\u00bb \u2014 Sector Prensa\" src=\"https:\/\/sectorprensa.com.ar\/2024\/02\/07\/merlo-gran-jornada-de-murgas-del-oeste\/embed\/#?secret=g4kcIx2ZYd#?secret=diHghXDzDW\" data-secret=\"diHghXDzDW\" width=\"600\" height=\"338\" frameborder=\"0\" marginwidth=\"0\" marginheight=\"0\" scrolling=\"no\"><\/iframe>\n<\/div><\/figure>\n\n\n\n<figure class=\"wp-block-embed is-type-wp-embed is-provider-sector-prensa wp-block-embed-sector-prensa\"><div class=\"wp-block-embed__wrapper\">\n<blockquote class=\"wp-embedded-content\" data-secret=\"IRd3TZsMQK\"><a href=\"https:\/\/sectorprensa.com.ar\/2024\/02\/10\/merlo-vuelve-la-feria-del-encuentro-cultural-con-murgas-para-festejar-el-carnaval\/\">Merlo: vuelve la Feria del Encuentro Cultural con murgas para festejar el carnaval<\/a><\/blockquote><iframe loading=\"lazy\" class=\"wp-embedded-content\" sandbox=\"allow-scripts\" security=\"restricted\" style=\"position: absolute; clip: rect(1px, 1px, 1px, 1px);\" title=\"\u00abMerlo: vuelve la Feria del Encuentro Cultural con murgas para festejar el carnaval\u00bb \u2014 Sector Prensa\" src=\"https:\/\/sectorprensa.com.ar\/2024\/02\/10\/merlo-vuelve-la-feria-del-encuentro-cultural-con-murgas-para-festejar-el-carnaval\/embed\/#?secret=Ds8ZCMWW1O#?secret=IRd3TZsMQK\" data-secret=\"IRd3TZsMQK\" width=\"600\" height=\"338\" frameborder=\"0\" marginwidth=\"0\" marginheight=\"0\" scrolling=\"no\"><\/iframe>\n<\/div><\/figure>\n","protected":false},"excerpt":{"rendered":"<p>Cientos de vecinos disfrutaron de las mejores expresiones art\u00edsticas del carnaval merlense que, con gran convocatoria, se realizaron en la<\/p>\n","protected":false},"author":6,"featured_media":61903,"comment_status":"closed","ping_status":"closed","sticky":false,"template":"","format":"standard","meta":{"colormag_page_container_layout":"default_layout","colormag_page_sidebar_layout":"default_layout","footnotes":""},"categories":[9,17,7,1173,10],"tags":[989,8511,1016],"class_list":["post-61902","post","type-post","status-publish","format-standard","has-post-thumbnail","hentry","category-cultura","category-destacadas","category-merlo","category-municipales","category-sociedad","tag-carnaval","tag-carnaval-2024","tag-murgas"],"_links":{"self":[{"href":"https:\/\/sectorprensa.com.ar\/index.php?rest_route=\/wp\/v2\/posts\/61902","targetHints":{"allow":["GET"]}}],"collection":[{"href":"https:\/\/sectorprensa.com.ar\/index.php?rest_route=\/wp\/v2\/posts"}],"about":[{"href":"https:\/\/sectorprensa.com.ar\/index.php?rest_route=\/wp\/v2\/types\/post"}],"author":[{"embeddable":true,"href":"https:\/\/sectorprensa.com.ar\/index.php?rest_route=\/wp\/v2\/users\/6"}],"replies":[{"embeddable":true,"href":"https:\/\/sectorprensa.com.ar\/index.php?rest_route=%2Fwp%2Fv2%2Fcomments&post=61902"}],"version-history":[{"count":1,"href":"https:\/\/sectorprensa.com.ar\/index.php?rest_route=\/wp\/v2\/posts\/61902\/revisions"}],"predecessor-version":[{"id":61904,"href":"https:\/\/sectorprensa.com.ar\/index.php?rest_route=\/wp\/v2\/posts\/61902\/revisions\/61904"}],"wp:featuredmedia":[{"embeddable":true,"href":"https:\/\/sectorprensa.com.ar\/index.php?rest_route=\/wp\/v2\/media\/61903"}],"wp:attachment":[{"href":"https:\/\/sectorprensa.com.ar\/index.php?rest_route=%2Fwp%2Fv2%2Fmedia&parent=61902"}],"wp:term":[{"taxonomy":"category","embeddable":true,"href":"https:\/\/sectorprensa.com.ar\/index.php?rest_route=%2Fwp%2Fv2%2Fcategories&post=61902"},{"taxonomy":"post_tag","embeddable":true,"href":"https:\/\/sectorprensa.com.ar\/index.php?rest_route=%2Fwp%2Fv2%2Ftags&post=61902"}],"curies":[{"name":"wp","href":"https:\/\/api.w.org\/{rel}","templated":true}]}}