{"id":61905,"date":"2024-02-13T11:37:40","date_gmt":"2024-02-13T14:37:40","guid":{"rendered":"https:\/\/sectorprensa.com.ar\/?p=61905"},"modified":"2024-02-13T11:37:40","modified_gmt":"2024-02-13T14:37:40","slug":"walter-martello-se-vienen-tarifas-mas-caras-y-la-condena-a-la-pobreza-energetica-a-millones-de-usuarios","status":"publish","type":"post","link":"https:\/\/sectorprensa.com.ar\/?p=61905","title":{"rendered":"Walter Martello: \u201cSe vienen tarifas m\u00e1s caras y la condena a la pobreza energ\u00e9tica a millones de usuarios\u201d"},"content":{"rendered":"\n<h6 class=\"wp-block-heading\"><strong>El ex interventor del ENRE habl\u00f3 sobre el incendio en una subestaci\u00f3n de Edesur en Caballito y dijo que la empresa \u201cviene de una larga historia de incumplimientos\u201d. Adem\u00e1s, opin\u00f3 sobre los incrementos tarifarios.<\/strong><\/h6>\n\n\n\n<p>Tras denunciar la falta de inversi\u00f3n de Edesur, Walter Martello, ex interventor del ENRE, adelant\u00f3 que \u201cse vienen tarifas m\u00e1s caras y la condena a la pobreza energ\u00e9tica a millones de usuarios\u201d.<\/p>\n\n\n\n<p>En di\u00e1logo con Radio Provincia AM1270, asegur\u00f3 que \u201ctodo lo que volcamos en la auditor\u00eda integral que hicimos respecto de la empresa Edesur se vuelve a corroborar\u201d tras el voraz incendio de la subestaci\u00f3n de Caballito.<\/p>\n\n\n\n<p>El ex interventor del Ente Nacional de Regulaci\u00f3n de la Electricidad sostuvo que \u201cm\u00e1s all\u00e1 de las razones que determinar\u00e1 la justicia, el siniestro tiene que ver con sucesos que se encadenan, como lo que ocurri\u00f3 el a\u00f1o pasado en la subestaci\u00f3n Calchaqu\u00ed, en Quilmes, que tambi\u00e9n se incendi\u00f3 y dej\u00f3 sin servicio a miles usuarios durante mucho tiempo\u201d.<\/p>\n\n\n\n<figure class=\"wp-block-embed is-type-rich is-provider-twitter wp-block-embed-twitter\"><div class=\"wp-block-embed__wrapper\">\n<blockquote class=\"twitter-tweet\" data-width=\"550\" data-dnt=\"true\"><p lang=\"es\" dir=\"ltr\">EDESUR: se debe rescindir la concesi\u00f3n.<br><br>El voraz incendio de la subestaci\u00f3n de Caballito no es el primer caso, ni ser\u00e1 el \u00faltimo. S\u00f3lo recordemos el suceso ocurrido en 2023 en la SSEE Calchaqui, Quilmes.<br><br>La Justicia investigar\u00e1 las causas del siniestro registrado durante este\u2026 <a href=\"https:\/\/t.co\/XgU2IppQKi\">pic.twitter.com\/XgU2IppQKi<\/a><\/p>&mdash; Walter Martello (@WalterMartello) <a href=\"https:\/\/twitter.com\/WalterMartello\/status\/1756769911207035294?ref_src=twsrc%5Etfw\">February 11, 2024<\/a><\/blockquote><script async src=\"https:\/\/platform.twitter.com\/widgets.js\" charset=\"utf-8\"><\/script>\n<\/div><\/figure>\n\n\n\n<p>Adem\u00e1s, el ex funcionario indic\u00f3 que la empresa \u201cviene de una larga historia de incumplimientos en casi todos los aspectos t\u00e9cnicos, bajo el pretexto de que no han tenido \u2018tarifas acordes\u2019\u201d. Sin embargo, alert\u00f3 que la firma \u201cno aclara que cuando no tuvieron incrementos v\u00eda tarifas, los tuvieron v\u00eda el no pago de la energ\u00eda en el mercado mayorista. Es decir, ingreso siempre tuvieron, pero no realizaron las inversiones y por eso tenemos estas consecuencias\u201d. A su vez, record\u00f3 que \u201cdurante el 2015 y el 2017 tuvieron incrementos tarifarios del 2500%, que tampoco volcaron en inversiones\u201d.<\/p>\n\n\n\n<p>Para Martello, \u201cel problema que tenemos es que Edesur viene con un contrato de los 90, que se firm\u00f3 por un per\u00edodo de 95 a\u00f1os, y que se hizo como en ning\u00fan otro lugar del mundo\u201d.<\/p>\n\n\n\n<figure class=\"wp-block-embed is-type-rich is-provider-twitter wp-block-embed-twitter\"><div class=\"wp-block-embed__wrapper\">\n<blockquote class=\"twitter-tweet\" data-width=\"550\" data-dnt=\"true\"><p lang=\"es\" dir=\"ltr\">\ud83d\udccd CABALLITO <br>Seguimos trabajando en la zona para restablecer la totalidad del servicio y acompa\u00f1ar a los vecinos.<br><br>\ud83d\udc49 Entregamos packs de agua en distintos puntos del barrio durante todo el d\u00eda. <a href=\"https:\/\/t.co\/C8MD6PRz4U\">pic.twitter.com\/C8MD6PRz4U<\/a><\/p>&mdash; Edesur Argentina (@OficialEdesur) <a href=\"https:\/\/twitter.com\/OficialEdesur\/status\/1757168615827161421?ref_src=twsrc%5Etfw\">February 12, 2024<\/a><\/blockquote><script async src=\"https:\/\/platform.twitter.com\/widgets.js\" charset=\"utf-8\"><\/script>\n<\/div><\/figure>\n\n\n\n<p>Por otra parte, el actual defensor del Pueblo adjunto de la Provincia analiz\u00f3 los incrementos tarifarios, a los que \u201cfalta que se aplique el aumento del valor agregado de distribuci\u00f3n, que se conocer\u00e1 en las pr\u00f3ximas semanas y llevar\u00e1 a los 5,5 millones de usuarios a pagar tarifas 4 o 5 veces m\u00e1s caras que las actuales\u201d.<\/p>\n\n\n\n<p>Asimismo, plante\u00f3 que \u201ca eso hay que agregar el incremento del alumbrado p\u00fablico que va a rondar 150% y que seguramente no estaba previsto en los presupuestos municipales que se sancionaron a fines del a\u00f1o pasado\u201d. A la vez, se\u00f1al\u00f3 que \u201cpor fuera de la \u00f3rbita estatal, los clubes de barrio, los centros de rehabilitaci\u00f3n, etc\u00e9tera, van a deteriorar much\u00edsimo su relaci\u00f3n con la sociedad, al punto de que muchas de esas entidades no van a poder soportar el nivel tarifario que se viene\u201d.<\/p>\n\n\n\n<figure class=\"wp-block-embed is-type-rich is-provider-twitter wp-block-embed-twitter\"><div class=\"wp-block-embed__wrapper\">\n<blockquote class=\"twitter-tweet\" data-width=\"550\" data-dnt=\"true\"><p lang=\"es\" dir=\"ltr\">\ud83d\udccd En vivo | Caballito<br><br>\ud83d\udea7 Vecinos cortan la calle para protestar contra la empresa Edesur <br><br>\u27a1\ufe0f M\u00e1s de 8.500 usuarios sin luz ni agua <a href=\"https:\/\/t.co\/ZU3CVoICNQ\">pic.twitter.com\/ZU3CVoICNQ<\/a><\/p>&mdash; C5N (@C5N) <a href=\"https:\/\/twitter.com\/C5N\/status\/1757098615695081944?ref_src=twsrc%5Etfw\">February 12, 2024<\/a><\/blockquote><script async src=\"https:\/\/platform.twitter.com\/widgets.js\" charset=\"utf-8\"><\/script>\n<\/div><\/figure>\n\n\n\n<p>Por \u00faltimo, Martello record\u00f3 que \u201cEdesur hab\u00eda anunciado que pondr\u00eda en venta acciones, pero lo ha pospuesto a partir de la asunci\u00f3n del nuevo gobierno y de una reuni\u00f3n -seg\u00fan consignan medios de comunicaci\u00f3n importantes- que directivos mantuvieron en el aeropuerto de Ezeiza antes del viaje del Presidente y del ministro de Econom\u00eda a Davos donde hablaron del futuro de la empresa, y se les habr\u00eda dicho que tendr\u00edan un mejor horizonte\u201d. Seg\u00fan el entrevistado, \u201ceso significa tarifas m\u00e1s caras y la condena a la pobreza energ\u00e9tica a millones de usuarios\u201d.<\/p>\n\n\n\n<figure class=\"wp-block-embed is-type-wp-embed is-provider-sector-prensa wp-block-embed-sector-prensa\"><div class=\"wp-block-embed__wrapper\">\n<blockquote class=\"wp-embedded-content\" data-secret=\"7xlsO2wtvp\"><a href=\"https:\/\/sectorprensa.com.ar\/2024\/02\/12\/inflacion-de-enero-se-estima-que-rondaria-el-20\/\">Inflaci\u00f3n de enero: se estima que rondar\u00eda el 20%<\/a><\/blockquote><iframe loading=\"lazy\" class=\"wp-embedded-content\" sandbox=\"allow-scripts\" security=\"restricted\" style=\"position: absolute; clip: rect(1px, 1px, 1px, 1px);\" title=\"\u00abInflaci\u00f3n de enero: se estima que rondar\u00eda el 20%\u00bb \u2014 Sector Prensa\" src=\"https:\/\/sectorprensa.com.ar\/2024\/02\/12\/inflacion-de-enero-se-estima-que-rondaria-el-20\/embed\/#?secret=CFXYYlLFiN#?secret=7xlsO2wtvp\" data-secret=\"7xlsO2wtvp\" width=\"600\" height=\"338\" frameborder=\"0\" marginwidth=\"0\" marginheight=\"0\" scrolling=\"no\"><\/iframe>\n<\/div><\/figure>\n","protected":false},"excerpt":{"rendered":"<p>El ex interventor del ENRE habl\u00f3 sobre el incendio en una subestaci\u00f3n de Edesur en Caballito y dijo que la<\/p>\n","protected":false},"author":6,"featured_media":61906,"comment_status":"closed","ping_status":"closed","sticky":false,"template":"","format":"standard","meta":{"colormag_page_container_layout":"default_layout","colormag_page_sidebar_layout":"default_layout","footnotes":""},"categories":[6828,8,10],"tags":[2694,6106,2554],"class_list":["post-61905","post","type-post","status-publish","format-standard","has-post-thumbnail","hentry","category-mas-destacadas","category-politica","category-sociedad","tag-edesur","tag-enre","tag-walter-martello"],"_links":{"self":[{"href":"https:\/\/sectorprensa.com.ar\/index.php?rest_route=\/wp\/v2\/posts\/61905","targetHints":{"allow":["GET"]}}],"collection":[{"href":"https:\/\/sectorprensa.com.ar\/index.php?rest_route=\/wp\/v2\/posts"}],"about":[{"href":"https:\/\/sectorprensa.com.ar\/index.php?rest_route=\/wp\/v2\/types\/post"}],"author":[{"embeddable":true,"href":"https:\/\/sectorprensa.com.ar\/index.php?rest_route=\/wp\/v2\/users\/6"}],"replies":[{"embeddable":true,"href":"https:\/\/sectorprensa.com.ar\/index.php?rest_route=%2Fwp%2Fv2%2Fcomments&post=61905"}],"version-history":[{"count":1,"href":"https:\/\/sectorprensa.com.ar\/index.php?rest_route=\/wp\/v2\/posts\/61905\/revisions"}],"predecessor-version":[{"id":61907,"href":"https:\/\/sectorprensa.com.ar\/index.php?rest_route=\/wp\/v2\/posts\/61905\/revisions\/61907"}],"wp:featuredmedia":[{"embeddable":true,"href":"https:\/\/sectorprensa.com.ar\/index.php?rest_route=\/wp\/v2\/media\/61906"}],"wp:attachment":[{"href":"https:\/\/sectorprensa.com.ar\/index.php?rest_route=%2Fwp%2Fv2%2Fmedia&parent=61905"}],"wp:term":[{"taxonomy":"category","embeddable":true,"href":"https:\/\/sectorprensa.com.ar\/index.php?rest_route=%2Fwp%2Fv2%2Fcategories&post=61905"},{"taxonomy":"post_tag","embeddable":true,"href":"https:\/\/sectorprensa.com.ar\/index.php?rest_route=%2Fwp%2Fv2%2Ftags&post=61905"}],"curies":[{"name":"wp","href":"https:\/\/api.w.org\/{rel}","templated":true}]}}