{"id":62257,"date":"2024-02-25T12:43:34","date_gmt":"2024-02-25T15:43:34","guid":{"rendered":"https:\/\/sectorprensa.com.ar\/?p=62257"},"modified":"2024-02-25T12:43:34","modified_gmt":"2024-02-25T15:43:34","slug":"moreno-donde-dejar-el-curriculum","status":"publish","type":"post","link":"https:\/\/sectorprensa.com.ar\/?p=62257","title":{"rendered":"Moreno: D\u00f3nde dejar el curriculum"},"content":{"rendered":"\n<h6 class=\"wp-block-heading\"><strong>Con el objetivo de articular entre la demanda y la oferta de trabajo local el IMDEL recibe tu CV. Los detalles en la nota.<\/strong><\/h6>\n\n\n\n<p>El Municipio de Moreno, a trav\u00e9s de la Oficina de Empleo del IMDEL, brinda propuestas de inserci\u00f3n laboral y herramientas de formaci\u00f3n y capacitaci\u00f3n para la comunidad.<\/p>\n\n\n\n<p>Por esa raz\u00f3n recibir\u00e1 Curriculums Vitae el d\u00eda viernes 23 de febrero, en la Delegaci\u00f3n Municipal de Moreno Norte \u2013 La Perlita, ubicada en Marcos del Bueno esquina Bolivia, de 9 a 14 horas. Las personas que deseen acercarse deben llevar tambi\u00e9n su DNI.<\/p>\n\n\n\n<p>Asimismo, esta iniciativa\u00a0 se replicar\u00e1 el d\u00eda mi\u00e9rcoles 6 de marzo, de 9 a 14 horas, en la Delegaci\u00f3n Municipal de La Reja, que se encuentra en Victorino de la Plaza 1918.<\/p>\n\n\n\n<figure class=\"wp-block-image size-large is-resized\"><img loading=\"lazy\" decoding=\"async\" width=\"819\" height=\"1024\" src=\"https:\/\/sectorprensa.com.ar\/wp-content\/uploads\/2024\/02\/OFICINA-EMPLEO-1-819x1024.jpeg\" alt=\"\" class=\"wp-image-62259\" style=\"width:485px;height:auto\" srcset=\"https:\/\/sectorprensa.com.ar\/wp-content\/uploads\/2024\/02\/OFICINA-EMPLEO-1-819x1024.jpeg 819w, https:\/\/sectorprensa.com.ar\/wp-content\/uploads\/2024\/02\/OFICINA-EMPLEO-1-240x300.jpeg 240w, https:\/\/sectorprensa.com.ar\/wp-content\/uploads\/2024\/02\/OFICINA-EMPLEO-1-768x960.jpeg 768w, https:\/\/sectorprensa.com.ar\/wp-content\/uploads\/2024\/02\/OFICINA-EMPLEO-1.jpeg 1024w\" sizes=\"auto, (max-width: 819px) 100vw, 819px\" \/><\/figure>\n\n\n\n<p><strong>Entre las acciones que impulsa la Oficina de Empleo del IMDEL, se encuentran:<\/strong><\/p>\n\n\n\n<p>-Asistencia y acompa\u00f1amiento para el empleo: consiste en una entrevista inicialen la que se registran por primera vez a los vecinos y a las vecinas, y luego se realizan entrevistas de seguimiento y de selecci\u00f3n para la intermediaci\u00f3n laboral.<\/p>\n\n\n\n<p>-Orientaci\u00f3n laboral: tiene como objetivo asistir a quienes buscan insertarse por primera vez en el mercado, tienen necesidad de reconvertir su perfil ocupacional y\/o presenten dificultades especiales para el ingreso en el mercado laboral. Esto se realiza a trav\u00e9s de la identificaci\u00f3n de sus capacidades, habilidades y competencias, y las posibilidades y restricciones del contexto, tanto de manera presencial como telef\u00f3nica.<\/p>\n\n\n\n<p>-Apoyo a la b\u00fasqueda de empleo: se brinda asesoramiento en el dise\u00f1o de estrategias y mecanismos adecuados para la b\u00fasqueda de empleo, tal como la asistencia para elaborar el curriculum vitae, realizar entrevistas laborales y armar el perfil en la red social LinkedIn.<\/p>\n\n\n\n<p>-Orientaci\u00f3n al trabajo independiente: se apunta a que las personas interesadas puedan reflexionar acerca de su potencial perfil emprendedor y sus posibilidades reales de desarrollar un emprendimiento, a trav\u00e9s de charlas y talleres.<\/p>\n\n\n\n<p>-Intermediaci\u00f3n laboral: Tiene como fin vincular a las y los postulantes con ofertas de empleo. Este proceso involucra la pre-perfilaci\u00f3n en funci\u00f3n al perfil solicitado por la empresa, y en caso de que la persona postulante re\u00fana los requisitos, se deriva su curriculum vitae a la empresa. Esta l\u00ednea de trabajo se articula cada vez que hay pedidos de las empresas, organismos y cooperativas por medio de las publicaciones de las redes sociales del IMDEL, donde los interesados y las interesadas se postulan y env\u00edan su cv a cvempleomoreno@moreno.gov.ar.<\/p>\n\n\n\n<p>Asimismo, cualquier vecino o vecina de Moreno que se encuentre en la b\u00fasqueda activa de empleo puede completar el siguiente formulario de <a href=\"https:\/\/docs.google.com\/forms\/d\/e\/1FAIpQLSe5B1Bvh_QR_iY4gtemQrb9UF9cgaiv_CnuZH8bih8KGxXR7g\/viewform\" data-type=\"link\" data-id=\"https:\/\/docs.google.com\/forms\/d\/e\/1FAIpQLSe5B1Bvh_QR_iY4gtemQrb9UF9cgaiv_CnuZH8bih8KGxXR7g\/viewform\">google https:\/\/forms.gle\/9G8YAh6fJBYHQEww6<\/a> para que se registre en la base de datos y poder as\u00ed realizar futuras b\u00fasquedas laborales.<\/p>\n\n\n\n<figure class=\"wp-block-embed is-type-wp-embed is-provider-sector-prensa wp-block-embed-sector-prensa\"><div class=\"wp-block-embed__wrapper\">\n<blockquote class=\"wp-embedded-content\" data-secret=\"9UamxAVFuX\"><a href=\"https:\/\/sectorprensa.com.ar\/2024\/02\/22\/moreno-se-realizara-una-exposicion-de-autos-en-la-plaza-bujan\/\">Moreno: se realizar\u00e1 una exposici\u00f3n de autos en la plaza Buj\u00e1n<\/a><\/blockquote><iframe loading=\"lazy\" class=\"wp-embedded-content\" sandbox=\"allow-scripts\" security=\"restricted\" style=\"position: absolute; clip: rect(1px, 1px, 1px, 1px);\" title=\"\u00abMoreno: se realizar\u00e1 una exposici\u00f3n de autos en la plaza Buj\u00e1n\u00bb \u2014 Sector Prensa\" src=\"https:\/\/sectorprensa.com.ar\/2024\/02\/22\/moreno-se-realizara-una-exposicion-de-autos-en-la-plaza-bujan\/embed\/#?secret=YrEKR50Hmi#?secret=9UamxAVFuX\" data-secret=\"9UamxAVFuX\" width=\"600\" height=\"338\" frameborder=\"0\" marginwidth=\"0\" marginheight=\"0\" scrolling=\"no\"><\/iframe>\n<\/div><\/figure>\n","protected":false},"excerpt":{"rendered":"<p>Con el objetivo de articular entre la demanda y la oferta de trabajo local el IMDEL recibe tu CV. Los<\/p>\n","protected":false},"author":1,"featured_media":62258,"comment_status":"closed","ping_status":"closed","sticky":false,"template":"","format":"standard","meta":{"colormag_page_container_layout":"default_layout","colormag_page_sidebar_layout":"default_layout","footnotes":""},"categories":[17,2154,1173],"tags":[4789,437,846],"class_list":["post-62257","post","type-post","status-publish","format-standard","has-post-thumbnail","hentry","category-destacadas","category-moreno","category-municipales","tag-curriculum","tag-moreno","tag-trabajo"],"_links":{"self":[{"href":"https:\/\/sectorprensa.com.ar\/index.php?rest_route=\/wp\/v2\/posts\/62257","targetHints":{"allow":["GET"]}}],"collection":[{"href":"https:\/\/sectorprensa.com.ar\/index.php?rest_route=\/wp\/v2\/posts"}],"about":[{"href":"https:\/\/sectorprensa.com.ar\/index.php?rest_route=\/wp\/v2\/types\/post"}],"author":[{"embeddable":true,"href":"https:\/\/sectorprensa.com.ar\/index.php?rest_route=\/wp\/v2\/users\/1"}],"replies":[{"embeddable":true,"href":"https:\/\/sectorprensa.com.ar\/index.php?rest_route=%2Fwp%2Fv2%2Fcomments&post=62257"}],"version-history":[{"count":1,"href":"https:\/\/sectorprensa.com.ar\/index.php?rest_route=\/wp\/v2\/posts\/62257\/revisions"}],"predecessor-version":[{"id":62260,"href":"https:\/\/sectorprensa.com.ar\/index.php?rest_route=\/wp\/v2\/posts\/62257\/revisions\/62260"}],"wp:featuredmedia":[{"embeddable":true,"href":"https:\/\/sectorprensa.com.ar\/index.php?rest_route=\/wp\/v2\/media\/62258"}],"wp:attachment":[{"href":"https:\/\/sectorprensa.com.ar\/index.php?rest_route=%2Fwp%2Fv2%2Fmedia&parent=62257"}],"wp:term":[{"taxonomy":"category","embeddable":true,"href":"https:\/\/sectorprensa.com.ar\/index.php?rest_route=%2Fwp%2Fv2%2Fcategories&post=62257"},{"taxonomy":"post_tag","embeddable":true,"href":"https:\/\/sectorprensa.com.ar\/index.php?rest_route=%2Fwp%2Fv2%2Ftags&post=62257"}],"curies":[{"name":"wp","href":"https:\/\/api.w.org\/{rel}","templated":true}]}}