{"id":62450,"date":"2024-03-02T21:55:00","date_gmt":"2024-03-03T00:55:00","guid":{"rendered":"https:\/\/sectorprensa.com.ar\/?p=62450"},"modified":"2024-03-02T21:55:00","modified_gmt":"2024-03-03T00:55:00","slug":"deportivo-merlo-derrota-en-ciudad-evita","status":"publish","type":"post","link":"https:\/\/sectorprensa.com.ar\/?p=62450","title":{"rendered":"Deportivo Merlo: derrota en Ciudad Evita"},"content":{"rendered":"\n<h6 class=\"wp-block-heading\"><strong>El Charro cay\u00f3 ante Sportivo Italiano por 1 a 0 como visitante y contin\u00faa en los \u00faltimos puestos. Adem\u00e1s, el equipo de Felipe De La Riva se qued\u00f3 con diez jugadores.<\/strong><\/h6>\n\n\n\n<p>Deportivo Merlo, que parec\u00eda llegar con el \u00e1nimo alto a Ciudad Evita luego de ganar cl\u00e1sico, sumando por primera vez de a tres en el torneo y cortando la sequ\u00eda de goles, volvi\u00f3 a sufrir una derrota. En el Estadio Rep\u00fablica de Italia, en el cotejo correspondiente a la fecha 6 del Apertura de la B Metro, cay\u00f3 ante Sportivo Italiano por 1 a 0.<\/p>\n\n\n\n<p>El Charro no tuvo su mejor tarde, ya que desde los 39 minutos del primer tiempo jug\u00f3 con diez jugadores por la expulsi\u00f3n de Nicol\u00e1s Miracco. Y en el complemento, para colmo Juli\u00e1n Vivas convirti\u00f3 el gol de la victoria para el due\u00f1o de casa a los 24&#8242;.<\/p>\n\n\n\n<p>Los dirigidos por Felipe De La Riva no hacen pie en el torneo, cayeron 20\u00b0 lugar en la tabla y s\u00f3lo cosecharon 5 puntos. En la pr\u00f3xima jornada, recibir\u00e1n a Villa San Carlos.<\/p>\n\n\n\n<p><strong>FOTO: Prensa Deportivo Merlo<\/strong><\/p>\n","protected":false},"excerpt":{"rendered":"<p>El Charro cay\u00f3 ante Sportivo Italiano por 1 a 0 como visitante y contin\u00faa en los \u00faltimos puestos. Adem\u00e1s, el<\/p>\n","protected":false},"author":1,"featured_media":62451,"comment_status":"closed","ping_status":"closed","sticky":false,"template":"","format":"standard","meta":{"colormag_page_container_layout":"default_layout","colormag_page_sidebar_layout":"default_layout","footnotes":""},"categories":[11],"tags":[5147,154],"class_list":["post-62450","post","type-post","status-publish","format-standard","has-post-thumbnail","hentry","category-deportes","tag-b-metro","tag-deportivo-merlo"],"_links":{"self":[{"href":"https:\/\/sectorprensa.com.ar\/index.php?rest_route=\/wp\/v2\/posts\/62450","targetHints":{"allow":["GET"]}}],"collection":[{"href":"https:\/\/sectorprensa.com.ar\/index.php?rest_route=\/wp\/v2\/posts"}],"about":[{"href":"https:\/\/sectorprensa.com.ar\/index.php?rest_route=\/wp\/v2\/types\/post"}],"author":[{"embeddable":true,"href":"https:\/\/sectorprensa.com.ar\/index.php?rest_route=\/wp\/v2\/users\/1"}],"replies":[{"embeddable":true,"href":"https:\/\/sectorprensa.com.ar\/index.php?rest_route=%2Fwp%2Fv2%2Fcomments&post=62450"}],"version-history":[{"count":1,"href":"https:\/\/sectorprensa.com.ar\/index.php?rest_route=\/wp\/v2\/posts\/62450\/revisions"}],"predecessor-version":[{"id":62452,"href":"https:\/\/sectorprensa.com.ar\/index.php?rest_route=\/wp\/v2\/posts\/62450\/revisions\/62452"}],"wp:featuredmedia":[{"embeddable":true,"href":"https:\/\/sectorprensa.com.ar\/index.php?rest_route=\/wp\/v2\/media\/62451"}],"wp:attachment":[{"href":"https:\/\/sectorprensa.com.ar\/index.php?rest_route=%2Fwp%2Fv2%2Fmedia&parent=62450"}],"wp:term":[{"taxonomy":"category","embeddable":true,"href":"https:\/\/sectorprensa.com.ar\/index.php?rest_route=%2Fwp%2Fv2%2Fcategories&post=62450"},{"taxonomy":"post_tag","embeddable":true,"href":"https:\/\/sectorprensa.com.ar\/index.php?rest_route=%2Fwp%2Fv2%2Ftags&post=62450"}],"curies":[{"name":"wp","href":"https:\/\/api.w.org\/{rel}","templated":true}]}}