{"id":62691,"date":"2024-03-10T15:51:25","date_gmt":"2024-03-10T18:51:25","guid":{"rendered":"https:\/\/sectorprensa.com.ar\/?p=62691"},"modified":"2024-03-10T15:51:25","modified_gmt":"2024-03-10T18:51:25","slug":"provincia-el-gobierno-bonaerense-convoco-a-paritarias-a-los-trabajadores-estatales","status":"publish","type":"post","link":"https:\/\/sectorprensa.com.ar\/?p=62691","title":{"rendered":"Provincia: el gobierno bonaerense convoc\u00f3 a paritarias a los trabajadores estatales"},"content":{"rendered":"\n<h6 class=\"wp-block-heading\"><strong>El encuentro entre el gobierno de la provincia de Buenos Aires y los gremios se realizar\u00e1 la pr\u00f3xima semana. Los sindicatos elevaron una nota al Ministro de Trabajo para solicitar la convocatoria.<\/strong><\/h6>\n\n\n\n<p>Desde el gobierno bonaerense realizaron la convocatoria a los trabajadores estatales nucleados por la Ley 10.430 para llegar a un acuerdo salarial. La reuni\u00f3n se llevar\u00eda a cabo la pr\u00f3xima semana, m\u00e1s precisamente el martes a las 10:30hs.<\/p>\n\n\n\n<p>Los sindicatos UPC, ATE y FEGEPPBA, hab\u00edan solicitado a trav\u00e9s de una carta, la cual fue enviada al Ministro de Trabajo bonaerense, Walter Correa, activar el llamado para rediscutir los salarios \u00aba la mayor brevedad posible\u00bb.<\/p>\n\n\n\n<p>La \u00faltima reuni\u00f3n entre las partes fue en febrero, donde se firm\u00f3 un aumento del 20% y se prometi\u00f3 revisar los ingresos en el mes siguiente.<\/p>\n\n\n\n<figure class=\"wp-block-embed is-type-wp-embed is-provider-sector-prensa wp-block-embed-sector-prensa\"><div class=\"wp-block-embed__wrapper\">\n<blockquote class=\"wp-embedded-content\" data-secret=\"tBLQifKe6S\"><a href=\"https:\/\/sectorprensa.com.ar\/2024\/03\/07\/kicillof-milei-le-debe-devolver-a-las-provincias-lo-que-les-sacaron\/\">Kicillof: \u00abMilei le debe devolver a las provincias lo que les sacaron\u00bb<\/a><\/blockquote><iframe loading=\"lazy\" class=\"wp-embedded-content\" sandbox=\"allow-scripts\" security=\"restricted\" style=\"position: absolute; clip: rect(1px, 1px, 1px, 1px);\" title=\"\u00abKicillof: \u00abMilei le debe devolver a las provincias lo que les sacaron\u00bb\u00bb \u2014 Sector Prensa\" src=\"https:\/\/sectorprensa.com.ar\/2024\/03\/07\/kicillof-milei-le-debe-devolver-a-las-provincias-lo-que-les-sacaron\/embed\/#?secret=Ce5MOn7KXs#?secret=tBLQifKe6S\" data-secret=\"tBLQifKe6S\" width=\"600\" height=\"338\" frameborder=\"0\" marginwidth=\"0\" marginheight=\"0\" scrolling=\"no\"><\/iframe>\n<\/div><\/figure>\n","protected":false},"excerpt":{"rendered":"<p>El encuentro entre el gobierno de la provincia de Buenos Aires y los gremios se realizar\u00e1 la pr\u00f3xima semana. Los<\/p>\n","protected":false},"author":1,"featured_media":62692,"comment_status":"closed","ping_status":"closed","sticky":false,"template":"","format":"standard","meta":{"colormag_page_container_layout":"default_layout","colormag_page_sidebar_layout":"default_layout","footnotes":""},"categories":[6828,8,18],"tags":[908,3337,1351,8654,2301,2037],"class_list":["post-62691","post","type-post","status-publish","format-standard","has-post-thumbnail","hentry","category-mas-destacadas","category-politica","category-provincia","tag-ate","tag-axel-kicillof","tag-estatales","tag-fegeppba","tag-upcn","tag-walter-correa"],"_links":{"self":[{"href":"https:\/\/sectorprensa.com.ar\/index.php?rest_route=\/wp\/v2\/posts\/62691","targetHints":{"allow":["GET"]}}],"collection":[{"href":"https:\/\/sectorprensa.com.ar\/index.php?rest_route=\/wp\/v2\/posts"}],"about":[{"href":"https:\/\/sectorprensa.com.ar\/index.php?rest_route=\/wp\/v2\/types\/post"}],"author":[{"embeddable":true,"href":"https:\/\/sectorprensa.com.ar\/index.php?rest_route=\/wp\/v2\/users\/1"}],"replies":[{"embeddable":true,"href":"https:\/\/sectorprensa.com.ar\/index.php?rest_route=%2Fwp%2Fv2%2Fcomments&post=62691"}],"version-history":[{"count":1,"href":"https:\/\/sectorprensa.com.ar\/index.php?rest_route=\/wp\/v2\/posts\/62691\/revisions"}],"predecessor-version":[{"id":62693,"href":"https:\/\/sectorprensa.com.ar\/index.php?rest_route=\/wp\/v2\/posts\/62691\/revisions\/62693"}],"wp:featuredmedia":[{"embeddable":true,"href":"https:\/\/sectorprensa.com.ar\/index.php?rest_route=\/wp\/v2\/media\/62692"}],"wp:attachment":[{"href":"https:\/\/sectorprensa.com.ar\/index.php?rest_route=%2Fwp%2Fv2%2Fmedia&parent=62691"}],"wp:term":[{"taxonomy":"category","embeddable":true,"href":"https:\/\/sectorprensa.com.ar\/index.php?rest_route=%2Fwp%2Fv2%2Fcategories&post=62691"},{"taxonomy":"post_tag","embeddable":true,"href":"https:\/\/sectorprensa.com.ar\/index.php?rest_route=%2Fwp%2Fv2%2Ftags&post=62691"}],"curies":[{"name":"wp","href":"https:\/\/api.w.org\/{rel}","templated":true}]}}