{"id":62694,"date":"2024-03-10T19:35:03","date_gmt":"2024-03-10T22:35:03","guid":{"rendered":"https:\/\/sectorprensa.com.ar\/?p=62694"},"modified":"2024-03-10T19:35:04","modified_gmt":"2024-03-10T22:35:04","slug":"igualdad-en-parque-san-martin","status":"publish","type":"post","link":"https:\/\/sectorprensa.com.ar\/?p=62694","title":{"rendered":"Igualdad en Parque San Mart\u00edn"},"content":{"rendered":"\n<h6 class=\"wp-block-heading\"><strong>Deportivo Merlo igual\u00f3 contra Villa San Carlos 1 a 1 como local. El Charro sufri\u00f3 la expulsi\u00f3n de un mediocampista en la segunda parte.<\/strong><\/h6>\n\n\n\n<p>Deportivo Merlo reparti\u00f3 puntos en su casa. En el marco de la s\u00e9ptima jornada del Apertura de la Primera B Metropolitana, igual\u00f3 contra Villa San Carlos 1 a 1 en el Estadio Jos\u00e9 Manuel Moreno. El gol lo convirti\u00f3 Gonzalo Miceli, quien luego se fue expulsado.<\/p>\n\n\n\n<p>En la primera parte el Charro comenz\u00f3 mejor que su rival, gener\u00f3 ocasiones de peligro y manej\u00f3 la pelota. Sin embargo, el Celeste se fue aproximando y aprovech\u00f3 una distracci\u00f3n del fondo. Un pase desde la l\u00ednea defensiva de Federico Slezack encontr\u00f3 libre a Octavio Padovani, quien defini\u00f3 por encima de Mart\u00edn R\u00edos y convert\u00eda el 1-0 parcial a los 25 minutos.<\/p>\n\n\n\n<p>A pesar del resultado en contra, el due\u00f1o de casa se fue al entretiempo con una mejor cara, creando situaciones con Miqueas Gonz\u00e1lez al mando, pero no fue suficiente para igualar.<\/p>\n\n\n\n<p>El conjunto de Parque San Mart\u00edn volv\u00eda a ser superior en el complemento, aunque no ten\u00eda precisi\u00f3n. Hasta que, a los 16, Joan Gaona solt\u00f3 una pelota para Miceli, quien se acomod\u00f3 para su zurda y con ayuda del palo marc\u00f3 el empate.<\/p>\n\n\n\n<p>El Depo parec\u00eda encaminado para dar vuelta la historia, pero el autor del gol se iba a ir expulsado debido a que vio la segunda tarjeta amarilla. De all\u00ed en m\u00e1s, el encuentro fue parejo y el local cont\u00f3 con un remate m\u00e1s que se fue cerca del palo derecho del arquero.<\/p>\n\n\n\n<p>Cabe destacar, el cotejo estuvo varios minutos detenidos pasados los 30&#8242;. El DT del elenco de zona oeste tambi\u00e9n fue expulsado, el \u00e1rbitro no permiti\u00f3 los cambios en un tiro de esquina en contra y su equipo se encontraba moment\u00e1neamente con nueve, lo que provoc\u00f3 el enojo de Felipe De La Riva. El entrenador discuti\u00f3 y golpe\u00f3 los escudos de la polic\u00eda antes de retirarse.<\/p>\n\n\n\n<p>Deportivo Merlo volvi\u00f3 a marcar, pero no a sumar de a tres. En la tabla se encuentra 18\u00b0 con 6 unidades. En la pr\u00f3xima fecha, visitar\u00e1 a Flandria.<\/p>\n\n\n\n<p><strong>FOTO: Prensa Deportivo Merlo<\/strong><\/p>\n","protected":false},"excerpt":{"rendered":"<p>Deportivo Merlo igual\u00f3 contra Villa San Carlos 1 a 1 como local. El Charro sufri\u00f3 la expulsi\u00f3n de un mediocampista<\/p>\n","protected":false},"author":1,"featured_media":62695,"comment_status":"closed","ping_status":"closed","sticky":false,"template":"","format":"standard","meta":{"colormag_page_container_layout":"default_layout","colormag_page_sidebar_layout":"default_layout","footnotes":""},"categories":[11],"tags":[5147,154],"class_list":["post-62694","post","type-post","status-publish","format-standard","has-post-thumbnail","hentry","category-deportes","tag-b-metro","tag-deportivo-merlo"],"_links":{"self":[{"href":"https:\/\/sectorprensa.com.ar\/index.php?rest_route=\/wp\/v2\/posts\/62694","targetHints":{"allow":["GET"]}}],"collection":[{"href":"https:\/\/sectorprensa.com.ar\/index.php?rest_route=\/wp\/v2\/posts"}],"about":[{"href":"https:\/\/sectorprensa.com.ar\/index.php?rest_route=\/wp\/v2\/types\/post"}],"author":[{"embeddable":true,"href":"https:\/\/sectorprensa.com.ar\/index.php?rest_route=\/wp\/v2\/users\/1"}],"replies":[{"embeddable":true,"href":"https:\/\/sectorprensa.com.ar\/index.php?rest_route=%2Fwp%2Fv2%2Fcomments&post=62694"}],"version-history":[{"count":1,"href":"https:\/\/sectorprensa.com.ar\/index.php?rest_route=\/wp\/v2\/posts\/62694\/revisions"}],"predecessor-version":[{"id":62696,"href":"https:\/\/sectorprensa.com.ar\/index.php?rest_route=\/wp\/v2\/posts\/62694\/revisions\/62696"}],"wp:featuredmedia":[{"embeddable":true,"href":"https:\/\/sectorprensa.com.ar\/index.php?rest_route=\/wp\/v2\/media\/62695"}],"wp:attachment":[{"href":"https:\/\/sectorprensa.com.ar\/index.php?rest_route=%2Fwp%2Fv2%2Fmedia&parent=62694"}],"wp:term":[{"taxonomy":"category","embeddable":true,"href":"https:\/\/sectorprensa.com.ar\/index.php?rest_route=%2Fwp%2Fv2%2Fcategories&post=62694"},{"taxonomy":"post_tag","embeddable":true,"href":"https:\/\/sectorprensa.com.ar\/index.php?rest_route=%2Fwp%2Fv2%2Ftags&post=62694"}],"curies":[{"name":"wp","href":"https:\/\/api.w.org\/{rel}","templated":true}]}}