{"id":62804,"date":"2024-04-17T12:53:35","date_gmt":"2024-04-17T15:53:35","guid":{"rendered":"https:\/\/sectorprensa.com.ar\/?p=62804"},"modified":"2024-04-17T12:53:35","modified_gmt":"2024-04-17T15:53:35","slug":"merlo-la-escuela-maria-eva-duarte-entrego-diplomas","status":"publish","type":"post","link":"https:\/\/sectorprensa.com.ar\/?p=62804","title":{"rendered":"Merlo: la escuela Mar\u00eda Eva Duarte entreg\u00f3 diplomas"},"content":{"rendered":"\n<h6 class=\"wp-block-heading\"><strong>Los alumnos de los diferentes cursos que se brindan la escuelo de artes y oficios del municipio, recibieron sus certificados por parte de autoridades locales y del establecimiento. <\/strong><\/h6>\n\n\n\n<p>La escuela de artes y oficios de Merlo, tambi\u00e9n conocida como \u00abMar\u00eda Eva Duarte, brinda diferentes talleres a los vecinos del distrito de manera libre y gratuita, con el objetivo de que obtengan una salida laboral independiente. Y en esta ocasi\u00f3n, entreg\u00f3 diplomas a quienes finalizaron los mismos. En la jornada participaron el director del establecimiento, Carlos Churio, y el Subsecretario de Educaci\u00f3n, Rafael D\u00edaz.<\/p>\n\n\n\n<p>Recibieron sus certificados los alumnos que transitaron los siguientes cursos: artes pl\u00e1sticas, peluquer\u00eda, podoest\u00e9tica y t\u00e9cnico colorista.<\/p>\n\n\n\n<figure class=\"wp-block-embed is-type-wp-embed is-provider-sector-prensa wp-block-embed-sector-prensa\"><div class=\"wp-block-embed__wrapper\">\n<blockquote class=\"wp-embedded-content\" data-secret=\"8KZoxN4ilQ\"><a href=\"https:\/\/sectorprensa.com.ar\/?p=62794\">Merlo: tarea de mantenimiento de arroyos<\/a><\/blockquote><iframe loading=\"lazy\" class=\"wp-embedded-content\" sandbox=\"allow-scripts\" security=\"restricted\" style=\"position: absolute; clip: rect(1px, 1px, 1px, 1px);\" title=\"\u00abMerlo: tarea de mantenimiento de arroyos\u00bb \u2014 Sector Prensa\" src=\"https:\/\/sectorprensa.com.ar\/?p=62794&#038;embed=true#?secret=vOeFYQDaKZ#?secret=8KZoxN4ilQ\" data-secret=\"8KZoxN4ilQ\" width=\"600\" height=\"338\" frameborder=\"0\" marginwidth=\"0\" marginheight=\"0\" scrolling=\"no\"><\/iframe>\n<\/div><\/figure>\n","protected":false},"excerpt":{"rendered":"<p>Los alumnos de los diferentes cursos que se brindan la escuelo de artes y oficios del municipio, recibieron sus certificados<\/p>\n","protected":false},"author":5,"featured_media":39978,"comment_status":"closed","ping_status":"closed","sticky":false,"template":"","format":"standard","meta":{"colormag_page_container_layout":"default_layout","colormag_page_sidebar_layout":"default_layout","footnotes":""},"categories":[17,7,1173],"tags":[6053,25],"class_list":["post-62804","post","type-post","status-publish","format-standard","has-post-thumbnail","hentry","category-destacadas","category-merlo","category-municipales","tag-escuela-de-artes-y-oficios","tag-merlo"],"_links":{"self":[{"href":"https:\/\/sectorprensa.com.ar\/index.php?rest_route=\/wp\/v2\/posts\/62804","targetHints":{"allow":["GET"]}}],"collection":[{"href":"https:\/\/sectorprensa.com.ar\/index.php?rest_route=\/wp\/v2\/posts"}],"about":[{"href":"https:\/\/sectorprensa.com.ar\/index.php?rest_route=\/wp\/v2\/types\/post"}],"author":[{"embeddable":true,"href":"https:\/\/sectorprensa.com.ar\/index.php?rest_route=\/wp\/v2\/users\/5"}],"replies":[{"embeddable":true,"href":"https:\/\/sectorprensa.com.ar\/index.php?rest_route=%2Fwp%2Fv2%2Fcomments&post=62804"}],"version-history":[{"count":1,"href":"https:\/\/sectorprensa.com.ar\/index.php?rest_route=\/wp\/v2\/posts\/62804\/revisions"}],"predecessor-version":[{"id":62805,"href":"https:\/\/sectorprensa.com.ar\/index.php?rest_route=\/wp\/v2\/posts\/62804\/revisions\/62805"}],"wp:featuredmedia":[{"embeddable":true,"href":"https:\/\/sectorprensa.com.ar\/index.php?rest_route=\/wp\/v2\/media\/39978"}],"wp:attachment":[{"href":"https:\/\/sectorprensa.com.ar\/index.php?rest_route=%2Fwp%2Fv2%2Fmedia&parent=62804"}],"wp:term":[{"taxonomy":"category","embeddable":true,"href":"https:\/\/sectorprensa.com.ar\/index.php?rest_route=%2Fwp%2Fv2%2Fcategories&post=62804"},{"taxonomy":"post_tag","embeddable":true,"href":"https:\/\/sectorprensa.com.ar\/index.php?rest_route=%2Fwp%2Fv2%2Ftags&post=62804"}],"curies":[{"name":"wp","href":"https:\/\/api.w.org\/{rel}","templated":true}]}}