{"id":62814,"date":"2024-04-17T12:12:56","date_gmt":"2024-04-17T15:12:56","guid":{"rendered":"https:\/\/sectorprensa.com.ar\/?p=62814"},"modified":"2024-04-17T21:15:51","modified_gmt":"2024-04-18T00:15:51","slug":"larroque-en-ituzaingo-a-pesar-del-ajuste-nacional-seguimos-garantizando-los-derechos-de-los-bonaerenses","status":"publish","type":"post","link":"https:\/\/sectorprensa.com.ar\/?p=62814","title":{"rendered":"Larroque en Ituzaing\u00f3: \u201cA pesar del ajuste nacional, seguimos garantizando los derechos de los bonaerenses\u201d"},"content":{"rendered":"\n<h6 class=\"wp-block-heading\"><strong>El ministro de Desarrollo de la Comunidad y el intendente local otorgaron equipamiento a vecinos y vecinas del distrito, para apuntalar proyectos familiares y comunitarios con salida laboral.<\/strong><\/h6>\n\n\n\n<p>El ministro de Desarrollo de la Comunidad de la Provincia de Buenos Aires, Andr\u00e9s Larroque, estuvo presente en Ituzaing\u00f3 junto al intendente Pablo Descalzo, en un acto donde se hizo entrega de maquinarias y herramientas para el desarrollo de emprendimientos productivos y comunitarios, realizado en el Centro de Jubilados \u201cBarrio Aeron\u00e1utico\u201d.<\/p>\n\n\n\n<p>Durante el encuentro, Larroque destac\u00f3 que \u201ca pesar del ajuste que se vive a nivel nacional, hoy el municipio y la Provincia de Buenos Aires, siguen garantizando los derechos de los bonaerenses y en este caso de los vecinos de Ituzaing\u00f3\u201d.<\/p>\n\n\n\n<figure class=\"wp-block-embed is-type-rich is-provider-twitter wp-block-embed-twitter\"><div class=\"wp-block-embed__wrapper\">\n<blockquote class=\"twitter-tweet\" data-width=\"550\" data-dnt=\"true\"><p lang=\"es\" dir=\"ltr\">Junto al Intendente <a href=\"https:\/\/twitter.com\/PablocDescalzo?ref_src=twsrc%5Etfw\">@PablocDescalzo<\/a> entregamos maquinaria y herramientas a emprendedores de <a href=\"https:\/\/twitter.com\/hashtag\/Ituzaing%C3%B3?src=hash&amp;ref_src=twsrc%5Etfw\">#Ituzaing\u00f3<\/a><br><br>En este contexto de ajuste nacional, el Gobernador <a href=\"https:\/\/twitter.com\/Kicillofok?ref_src=twsrc%5Etfw\">@Kicillofok<\/a> puso a la inversi\u00f3n social como una prioridad y con estas pol\u00edticas seguimos acompa\u00f1ando a nuestra poblaci\u00f3n. <a href=\"https:\/\/t.co\/lDwjC3PAs5\">pic.twitter.com\/lDwjC3PAs5<\/a><\/p>&mdash; Andr\u00e9s Larroque (@larroqueandres) <a href=\"https:\/\/twitter.com\/larroqueandres\/status\/1780264394229760484?ref_src=twsrc%5Etfw\">April 16, 2024<\/a><\/blockquote><script async src=\"https:\/\/platform.twitter.com\/widgets.js\" charset=\"utf-8\"><\/script>\n<\/div><\/figure>\n\n\n\n<p>En ese sentido, el ministro destac\u00f3 que con esta acci\u00f3n \u201cestamos aportando un granito de arena&nbsp; porque el trabajo es un gran ordenador social y no hay nada mejor en t\u00e9rminos de producir dignidad en nuestro pueblo\u201d. A su vez, agreg\u00f3 que \u201ceste banco de herramientas permite sostener el trabajo de las familias y de la propia comunidad, y en este sentido para nosotros es vital que all\u00ed donde el mercado no da una respuesta, est\u00e9 el Estado haciendo este esfuerzo\u201d.<\/p>\n\n\n\n<p>En tanto, el intendente precis\u00f3: \u201cEntregamos 150 maquinarias a familias emprendedoras de Ituzaing\u00f3, con una inversi\u00f3n de 300 millones de pesos\u201d. En esa l\u00ednea, tambi\u00e9n explic\u00f3: \u201cEste era un programa nacional, que desde el 10 de diciembre qued\u00f3 en suspenso -como muchas otras pol\u00edticas de Estado- y gracias a los ciudadanos y ciudadanas bonaerenses que eligieron al gobernador Axel Kicillof en 2023, hoy, a trav\u00e9s del ministro Andr\u00e9s Larroque podemos continuar gestion\u00e1ndolos junto al gobierno provincial\u201d.<\/p>\n\n\n\n<p>Por \u00faltimo, Descalzo se\u00f1al\u00f3 \u201cvamos a pelear para seguir ampliando derechos, en la senda del progreso, del desarrollo y en defensa del trabajo\u201d.<\/p>\n\n\n\n<p>Los emprendedores y emprendedoras que recibieron maquinaria y herramientas desarrollan proyectos vinculados a los rubros textil, gastronom\u00eda, mantenimiento de espacios verdes y carpinter\u00eda, entre otras actividades productivas.<\/p>\n\n\n\n<p>En representaci\u00f3n del municipio participaron el secretario de Desarrollo Humano y Relaciones con la Comunidad, Juan Cruz Descalzo y la directora de Econom\u00eda Social, Vanesa Bustamente. Mientras que por el ministerio acompa\u00f1aron la actividad el subsecretario de Coordinaci\u00f3n Institucional, Adri\u00e1n Grana y los directores provinciales de Econom\u00eda Social y de Relaciones Institucionales, Florencia Villar y&nbsp; An\u00edbal Rucci.<\/p>\n","protected":false},"excerpt":{"rendered":"<p>El ministro de Desarrollo de la Comunidad y el intendente local otorgaron equipamiento a vecinos y vecinas del distrito, para<\/p>\n","protected":false},"author":6,"featured_media":62835,"comment_status":"closed","ping_status":"closed","sticky":false,"template":"","format":"standard","meta":{"colormag_page_container_layout":"default_layout","colormag_page_sidebar_layout":"default_layout","footnotes":""},"categories":[4,6828,8],"tags":[7536],"class_list":["post-62814","post","type-post","status-publish","format-standard","has-post-thumbnail","hentry","category-ituzaingo","category-mas-destacadas","category-politica","tag-andres-larroque-2"],"_links":{"self":[{"href":"https:\/\/sectorprensa.com.ar\/index.php?rest_route=\/wp\/v2\/posts\/62814","targetHints":{"allow":["GET"]}}],"collection":[{"href":"https:\/\/sectorprensa.com.ar\/index.php?rest_route=\/wp\/v2\/posts"}],"about":[{"href":"https:\/\/sectorprensa.com.ar\/index.php?rest_route=\/wp\/v2\/types\/post"}],"author":[{"embeddable":true,"href":"https:\/\/sectorprensa.com.ar\/index.php?rest_route=\/wp\/v2\/users\/6"}],"replies":[{"embeddable":true,"href":"https:\/\/sectorprensa.com.ar\/index.php?rest_route=%2Fwp%2Fv2%2Fcomments&post=62814"}],"version-history":[{"count":2,"href":"https:\/\/sectorprensa.com.ar\/index.php?rest_route=\/wp\/v2\/posts\/62814\/revisions"}],"predecessor-version":[{"id":62816,"href":"https:\/\/sectorprensa.com.ar\/index.php?rest_route=\/wp\/v2\/posts\/62814\/revisions\/62816"}],"wp:featuredmedia":[{"embeddable":true,"href":"https:\/\/sectorprensa.com.ar\/index.php?rest_route=\/wp\/v2\/media\/62835"}],"wp:attachment":[{"href":"https:\/\/sectorprensa.com.ar\/index.php?rest_route=%2Fwp%2Fv2%2Fmedia&parent=62814"}],"wp:term":[{"taxonomy":"category","embeddable":true,"href":"https:\/\/sectorprensa.com.ar\/index.php?rest_route=%2Fwp%2Fv2%2Fcategories&post=62814"},{"taxonomy":"post_tag","embeddable":true,"href":"https:\/\/sectorprensa.com.ar\/index.php?rest_route=%2Fwp%2Fv2%2Ftags&post=62814"}],"curies":[{"name":"wp","href":"https:\/\/api.w.org\/{rel}","templated":true}]}}