{"id":62817,"date":"2024-04-17T12:23:39","date_gmt":"2024-04-17T15:23:39","guid":{"rendered":"https:\/\/sectorprensa.com.ar\/?p=62817"},"modified":"2024-04-17T12:23:40","modified_gmt":"2024-04-17T15:23:40","slug":"la-matanza-detuvieron-a-un-arbitro-de-futbol-acusado-de-abusar-a-una-menor","status":"publish","type":"post","link":"https:\/\/sectorprensa.com.ar\/?p=62817","title":{"rendered":"La Matanza: detuvieron a un \u00e1rbitro de f\u00fatbol acusado de abusar a una menor"},"content":{"rendered":"\n<h6 class=\"wp-block-heading\"><strong>Juan Jos\u00e9 Arias, de 44 a\u00f1os y con experiencia en partidos de AFA, fue arrestado tras un allanamiento a una vivienda en Lomas del Mirador.<\/strong><\/h6>\n\n\n\n<p>Este martes por la ma\u00f1ana fue detenido Juan Jos\u00e9 Arias, un \u00e1rbitro de f\u00fatbol de AFA imputado por abuso sexual contra una menor. La causa tuvo su origen tras una denuncia presentada en el a\u00f1o 2019 ante la Oficina de Violencia Dom\u00e9stica.<\/p>\n\n\n\n<p>Arias fue detenido este martes a las 7 de la ma\u00f1ana por personal de la Divisi\u00f3n Delitos Contra la Integridad Sexual de la Polic\u00eda de la Ciudad y de la Polic\u00eda de la Provincia de Buenos Aires. El imputado tiene 44 a\u00f1os.<\/p>\n\n\n\n<p>Personal de la Divisi\u00f3n Delitos Contra la Integridad Sexual de la Polic\u00eda de la Ciudad y de la Polic\u00eda de la Provincia de Buenos Aires realiz\u00f3 un allanamiento en un domicilio ubicado en la localidad de Lomas del Mirador, partido de La Matanza, con el objetivo de concretar la detenci\u00f3n del hombre de 44 a\u00f1os imputado por secuestrar y abusar de una menor de edad.<\/p>\n\n\n\n<p>Intervienen el Tribunal Oral en lo Criminal y Correccional N\u00b019, a cargo del Dr. Pablo Daniel Vega, ante la Secretar\u00eda de la Dra. Cecilia Laura Senesi y el Juzgado de Garant\u00edas N\u00b03 del Departamento Judicial de la Matanza a cargo del Dr. Rub\u00e9n Norberto Ochipinti.<\/p>\n","protected":false},"excerpt":{"rendered":"<p>Juan Jos\u00e9 Arias, de 44 a\u00f1os y con experiencia en partidos de AFA, fue arrestado tras un allanamiento a una<\/p>\n","protected":false},"author":6,"featured_media":30098,"comment_status":"closed","ping_status":"closed","sticky":false,"template":"","format":"standard","meta":{"colormag_page_container_layout":"default_layout","colormag_page_sidebar_layout":"default_layout","footnotes":""},"categories":[17,12],"tags":[1040,570,767],"class_list":["post-62817","post","type-post","status-publish","format-standard","has-post-thumbnail","hentry","category-destacadas","category-policiales","tag-abuso-sexual","tag-detenido","tag-la-matanza"],"_links":{"self":[{"href":"https:\/\/sectorprensa.com.ar\/index.php?rest_route=\/wp\/v2\/posts\/62817","targetHints":{"allow":["GET"]}}],"collection":[{"href":"https:\/\/sectorprensa.com.ar\/index.php?rest_route=\/wp\/v2\/posts"}],"about":[{"href":"https:\/\/sectorprensa.com.ar\/index.php?rest_route=\/wp\/v2\/types\/post"}],"author":[{"embeddable":true,"href":"https:\/\/sectorprensa.com.ar\/index.php?rest_route=\/wp\/v2\/users\/6"}],"replies":[{"embeddable":true,"href":"https:\/\/sectorprensa.com.ar\/index.php?rest_route=%2Fwp%2Fv2%2Fcomments&post=62817"}],"version-history":[{"count":1,"href":"https:\/\/sectorprensa.com.ar\/index.php?rest_route=\/wp\/v2\/posts\/62817\/revisions"}],"predecessor-version":[{"id":62818,"href":"https:\/\/sectorprensa.com.ar\/index.php?rest_route=\/wp\/v2\/posts\/62817\/revisions\/62818"}],"wp:featuredmedia":[{"embeddable":true,"href":"https:\/\/sectorprensa.com.ar\/index.php?rest_route=\/wp\/v2\/media\/30098"}],"wp:attachment":[{"href":"https:\/\/sectorprensa.com.ar\/index.php?rest_route=%2Fwp%2Fv2%2Fmedia&parent=62817"}],"wp:term":[{"taxonomy":"category","embeddable":true,"href":"https:\/\/sectorprensa.com.ar\/index.php?rest_route=%2Fwp%2Fv2%2Fcategories&post=62817"},{"taxonomy":"post_tag","embeddable":true,"href":"https:\/\/sectorprensa.com.ar\/index.php?rest_route=%2Fwp%2Fv2%2Ftags&post=62817"}],"curies":[{"name":"wp","href":"https:\/\/api.w.org\/{rel}","templated":true}]}}