{"id":63065,"date":"2024-04-26T13:15:07","date_gmt":"2024-04-26T16:15:07","guid":{"rendered":"https:\/\/sectorprensa.com.ar\/?p=63065"},"modified":"2024-04-26T13:15:08","modified_gmt":"2024-04-26T16:15:08","slug":"el-municipio-de-ituzaingo-presentara-un-amparo-judicial-por-el-aumento-de-la-luz","status":"publish","type":"post","link":"https:\/\/sectorprensa.com.ar\/?p=63065","title":{"rendered":"El Municipio de Ituzaing\u00f3 presentar\u00e1 un amparo judicial por el aumento de la luz"},"content":{"rendered":"\n<h6 class=\"wp-block-heading\"><strong>\u201cNos cobran como si fu\u00e9ramos usuarios residenciales y somos usuarios mayoristas\u201d, expres\u00f3 el intendente Pablo Descalzo.<\/strong><\/h6>\n\n\n\n<p>El Municipio de Ituzaing\u00f3 presentar\u00e1 un amparo judicial para anular el aumento de la energ\u00eda el\u00e9ctrica. \u201cNos cobran como si fu\u00e9ramos usuarios residenciales y somos usuarios mayoristas\u201d, expres\u00f3 el intendente Pablo Descalzo.<\/p>\n\n\n\n<p>En este sentido, el jefe comunal agreg\u00f3 que \u201cvamos a ir a la justicia para que Edenor rectifique la tarifa que le cobra a la Comuna\u201d.<\/p>\n\n\n\n<p>\u201cEl Municipio va a pagar de luz 1200 o 1300 millones de pesos por a\u00f1o de m\u00e1s en energ\u00eda el\u00e9ctrica, nosotros y todos los Municipios del Pa\u00eds\u201d, sostuvo Descalzo.<\/p>\n\n\n\n<figure class=\"wp-block-embed is-type-wp-embed is-provider-sector-prensa wp-block-embed-sector-prensa\"><div class=\"wp-block-embed__wrapper\">\n<blockquote class=\"wp-embedded-content\" data-secret=\"z4nKTYW9sW\"><a href=\"https:\/\/sectorprensa.com.ar\/?p=63053\">Ley \u00d3mnibus: el oficialismo consigui\u00f3 el dictamen de mayor\u00eda<\/a><\/blockquote><iframe loading=\"lazy\" class=\"wp-embedded-content\" sandbox=\"allow-scripts\" security=\"restricted\" style=\"position: absolute; clip: rect(1px, 1px, 1px, 1px);\" title=\"\u00abLey \u00d3mnibus: el oficialismo consigui\u00f3 el dictamen de mayor\u00eda\u00bb \u2014 Sector Prensa\" src=\"https:\/\/sectorprensa.com.ar\/?p=63053&#038;embed=true#?secret=2eRQMzgRGK#?secret=z4nKTYW9sW\" data-secret=\"z4nKTYW9sW\" width=\"600\" height=\"338\" frameborder=\"0\" marginwidth=\"0\" marginheight=\"0\" scrolling=\"no\"><\/iframe>\n<\/div><\/figure>\n","protected":false},"excerpt":{"rendered":"<p>\u201cNos cobran como si fu\u00e9ramos usuarios residenciales y somos usuarios mayoristas\u201d, expres\u00f3 el intendente Pablo Descalzo. El Municipio de Ituzaing\u00f3<\/p>\n","protected":false},"author":6,"featured_media":63066,"comment_status":"closed","ping_status":"closed","sticky":false,"template":"","format":"standard","meta":{"colormag_page_container_layout":"default_layout","colormag_page_sidebar_layout":"default_layout","footnotes":""},"categories":[17,4,8,10],"tags":[8699,471,49,537],"class_list":["post-63065","post","type-post","status-publish","format-standard","has-post-thumbnail","hentry","category-destacadas","category-ituzaingo","category-politica","category-sociedad","tag-amparo","tag-edenor","tag-ituzaingo","tag-pablo-descalzo"],"_links":{"self":[{"href":"https:\/\/sectorprensa.com.ar\/index.php?rest_route=\/wp\/v2\/posts\/63065","targetHints":{"allow":["GET"]}}],"collection":[{"href":"https:\/\/sectorprensa.com.ar\/index.php?rest_route=\/wp\/v2\/posts"}],"about":[{"href":"https:\/\/sectorprensa.com.ar\/index.php?rest_route=\/wp\/v2\/types\/post"}],"author":[{"embeddable":true,"href":"https:\/\/sectorprensa.com.ar\/index.php?rest_route=\/wp\/v2\/users\/6"}],"replies":[{"embeddable":true,"href":"https:\/\/sectorprensa.com.ar\/index.php?rest_route=%2Fwp%2Fv2%2Fcomments&post=63065"}],"version-history":[{"count":1,"href":"https:\/\/sectorprensa.com.ar\/index.php?rest_route=\/wp\/v2\/posts\/63065\/revisions"}],"predecessor-version":[{"id":63067,"href":"https:\/\/sectorprensa.com.ar\/index.php?rest_route=\/wp\/v2\/posts\/63065\/revisions\/63067"}],"wp:featuredmedia":[{"embeddable":true,"href":"https:\/\/sectorprensa.com.ar\/index.php?rest_route=\/wp\/v2\/media\/63066"}],"wp:attachment":[{"href":"https:\/\/sectorprensa.com.ar\/index.php?rest_route=%2Fwp%2Fv2%2Fmedia&parent=63065"}],"wp:term":[{"taxonomy":"category","embeddable":true,"href":"https:\/\/sectorprensa.com.ar\/index.php?rest_route=%2Fwp%2Fv2%2Fcategories&post=63065"},{"taxonomy":"post_tag","embeddable":true,"href":"https:\/\/sectorprensa.com.ar\/index.php?rest_route=%2Fwp%2Fv2%2Ftags&post=63065"}],"curies":[{"name":"wp","href":"https:\/\/api.w.org\/{rel}","templated":true}]}}