{"id":63159,"date":"2024-04-30T14:11:51","date_gmt":"2024-04-30T17:11:51","guid":{"rendered":"https:\/\/sectorprensa.com.ar\/?p=63159"},"modified":"2024-04-30T14:11:52","modified_gmt":"2024-04-30T17:11:52","slug":"el-consejo-del-salario-definira-un-nuevo-haber-minimo","status":"publish","type":"post","link":"https:\/\/sectorprensa.com.ar\/?p=63159","title":{"rendered":"El Consejo del Salario definir\u00e1 un nuevo haber m\u00ednimo"},"content":{"rendered":"\n<h6 class=\"wp-block-heading\"><strong>El c\u00f3nclave para definir la nueva suba ser\u00e1 hoy por la tarde, ser\u00e1 la segunda del a\u00f1o luego de aquel encuentro fallido en febrero. Cabe destacar, el salario registr\u00f3 una ca\u00edda del 34,1% desde la asunci\u00f3n de Javier Milei.<\/strong><\/h6>\n\n\n\n<p>Luego de no llegar a un acuerdo en febrero, sindicalistas y empresarios estar\u00e1n presentes en una nueva reuni\u00f3n del Consejo del Salario M\u00ednimo, Vital y M\u00f3vil. En la misma, se definir\u00e1 el nuevo haber m\u00ednimo, actualmente se encuentra en 202.800 pesos.<\/p>\n\n\n\n<p>La sesi\u00f3n plenaria ordinaria ser\u00e1 de manera virtual, este martes a las 16hs, de acuerdo a lo dicho por el Ministerio de Capital Humanos. All\u00ed, participar\u00e1n funcionarios, empresarios y representantes de sindicatos.<\/p>\n\n\n\n<p>Previamente, se reunir\u00e1 la Comisi\u00f3n del Salario M\u00ednimo, Vital y M\u00f3vil y Prestaciones por Desempleo para definir las cifras del Salario M\u00ednimo, adem\u00e1s del monto m\u00ednimo y m\u00e1ximo de las prestaciones. Tambi\u00e9n ser\u00e1 a trav\u00e9s de plataforma virtual.<\/p>\n\n\n\n<p>En febrero de este a\u00f1o no se logr\u00f3 llegar a un acuerdo, por lo que se determin\u00f3 una suba del 30% en dos tramos, febrero y marzo. Cabe destacar, un informe del Centro de Investigaci\u00f3n y Formaci\u00f3n de la CTA remarc\u00f3 que el salario m\u00ednimo cay\u00f3 un 34,1% desde que Javier Milei asumi\u00f3 como Presidente.<\/p>\n\n\n\n<figure class=\"wp-block-embed is-type-wp-embed is-provider-sector-prensa wp-block-embed-sector-prensa\"><div class=\"wp-block-embed__wrapper\">\n<blockquote class=\"wp-embedded-content\" data-secret=\"pOBoAgyV43\"><a href=\"https:\/\/sectorprensa.com.ar\/?p=63152\">Milei dir\u00e1 presente en la Feria del Libro<\/a><\/blockquote><iframe loading=\"lazy\" class=\"wp-embedded-content\" sandbox=\"allow-scripts\" security=\"restricted\" style=\"position: absolute; clip: rect(1px, 1px, 1px, 1px);\" title=\"\u00abMilei dir\u00e1 presente en la Feria del Libro\u00bb \u2014 Sector Prensa\" src=\"https:\/\/sectorprensa.com.ar\/?p=63152&#038;embed=true#?secret=vq9LjkSQlJ#?secret=pOBoAgyV43\" data-secret=\"pOBoAgyV43\" width=\"600\" height=\"338\" frameborder=\"0\" marginwidth=\"0\" marginheight=\"0\" scrolling=\"no\"><\/iframe>\n<\/div><\/figure>\n","protected":false},"excerpt":{"rendered":"<p>El c\u00f3nclave para definir la nueva suba ser\u00e1 hoy por la tarde, ser\u00e1 la segunda del a\u00f1o luego de aquel<\/p>\n","protected":false},"author":5,"featured_media":63160,"comment_status":"closed","ping_status":"closed","sticky":false,"template":"","format":"standard","meta":{"colormag_page_container_layout":"default_layout","colormag_page_sidebar_layout":"default_layout","footnotes":""},"categories":[17,8,10],"tags":[8717,8409],"class_list":["post-63159","post","type-post","status-publish","format-standard","has-post-thumbnail","hentry","category-destacadas","category-politica","category-sociedad","tag-consejo-del-salario-minimo-vital-y-movil","tag-ministerio-de-capital-humano"],"_links":{"self":[{"href":"https:\/\/sectorprensa.com.ar\/index.php?rest_route=\/wp\/v2\/posts\/63159","targetHints":{"allow":["GET"]}}],"collection":[{"href":"https:\/\/sectorprensa.com.ar\/index.php?rest_route=\/wp\/v2\/posts"}],"about":[{"href":"https:\/\/sectorprensa.com.ar\/index.php?rest_route=\/wp\/v2\/types\/post"}],"author":[{"embeddable":true,"href":"https:\/\/sectorprensa.com.ar\/index.php?rest_route=\/wp\/v2\/users\/5"}],"replies":[{"embeddable":true,"href":"https:\/\/sectorprensa.com.ar\/index.php?rest_route=%2Fwp%2Fv2%2Fcomments&post=63159"}],"version-history":[{"count":1,"href":"https:\/\/sectorprensa.com.ar\/index.php?rest_route=\/wp\/v2\/posts\/63159\/revisions"}],"predecessor-version":[{"id":63161,"href":"https:\/\/sectorprensa.com.ar\/index.php?rest_route=\/wp\/v2\/posts\/63159\/revisions\/63161"}],"wp:featuredmedia":[{"embeddable":true,"href":"https:\/\/sectorprensa.com.ar\/index.php?rest_route=\/wp\/v2\/media\/63160"}],"wp:attachment":[{"href":"https:\/\/sectorprensa.com.ar\/index.php?rest_route=%2Fwp%2Fv2%2Fmedia&parent=63159"}],"wp:term":[{"taxonomy":"category","embeddable":true,"href":"https:\/\/sectorprensa.com.ar\/index.php?rest_route=%2Fwp%2Fv2%2Fcategories&post=63159"},{"taxonomy":"post_tag","embeddable":true,"href":"https:\/\/sectorprensa.com.ar\/index.php?rest_route=%2Fwp%2Fv2%2Ftags&post=63159"}],"curies":[{"name":"wp","href":"https:\/\/api.w.org\/{rel}","templated":true}]}}