{"id":63225,"date":"2024-05-03T11:30:12","date_gmt":"2024-05-03T14:30:12","guid":{"rendered":"https:\/\/sectorprensa.com.ar\/?p=63225"},"modified":"2024-05-03T11:30:42","modified_gmt":"2024-05-03T14:30:42","slug":"moreno-la-provincia-entrego-kits-educativos-para-12-centros-socioeducativos-y-comunitarios","status":"publish","type":"post","link":"https:\/\/sectorprensa.com.ar\/?p=63225","title":{"rendered":"Moreno: Kicillof entreg\u00f3 kits educativos para 12 Centros Socioeducativos y Comunitarios"},"content":{"rendered":"\n<h6 class=\"wp-block-heading\"><strong>Adem\u00e1s, el gobernador recorri\u00f3 un aula de grabaci\u00f3n multimedia y puso en funcionamiento nueva maquinaria para la gesti\u00f3n de residuos s\u00f3lidos urbanos en el distrito.<\/strong><\/h6>\n\n\n\n<p>El gobernador de la provincia de Buenos Aires, Axel Kicillof, encabez\u00f3 este jueves el acto de entrega de kits educativos para reforzar las herramientas pedag\u00f3gicas de los 12 Centros Socioeducativos y Comunitarios (CSC) de Moreno. Fue junto al &nbsp;director general de Cultura y Educaci\u00f3n, Alberto Sileoni; y la intendenta local, Mariel Fern\u00e1ndez.<\/p>\n\n\n\n<p>En ese marco, Kicillof destac\u00f3 que \u201ccomo consecuencia de la desregulaci\u00f3n de la econom\u00eda que impulsa el Gobierno nacional, han aumentado mucho los precios de los \u00fatiles escolares, las mochilas y los guardapolvos\u201d. \u201cEstamos distribuyendo kits educativos mientras esperamos que, as\u00ed como lo descubrieron hace poco con el mercado de las prepagas, comprendan que hay que cuidar los bolsillos de todas y todos los argentinos\u201d, sostuvo.<\/p>\n\n\n\n<p>En la jornada se distribuyeron kits de materiales deportivos y did\u00e1cticos; bibliotecas con colecciones de Identidades Bonaerenses y Educaci\u00f3n Sexual Integral (ESI); mochilas y guardapolvos. La provincia cuenta con 196 CSC en distintos barrios populares, con el objetivo de reforzar las trayectorias educativas de ni\u00f1os, ni\u00f1as y j\u00f3venes de entre 4 y 21 a\u00f1os.<\/p>\n\n\n\n<figure class=\"wp-block-embed is-type-rich is-provider-twitter wp-block-embed-twitter\"><div class=\"wp-block-embed__wrapper\">\n<blockquote class=\"twitter-tweet\" data-width=\"550\" data-dnt=\"true\"><p lang=\"es\" dir=\"ltr\">Tambi\u00e9n firmamos un convenio para realizar trabajos de saneamiento y puesta en valor de espacios p\u00fablicos y entregamos maquinaria para mejorar la gesti\u00f3n de residuos en el municipio.<br><br>Necesitamos m\u00e1s y mejor Estado para seguir transformando la realidad.<a href=\"https:\/\/twitter.com\/hashtag\/DerechoAlFuturo?src=hash&amp;ref_src=twsrc%5Etfw\">#DerechoAlFuturo<\/a> <a href=\"https:\/\/t.co\/eIfRVpNiyA\">pic.twitter.com\/eIfRVpNiyA<\/a><\/p>&mdash; Axel Kicillof (@Kicillofok) <a href=\"https:\/\/twitter.com\/Kicillofok\/status\/1786084119782334826?ref_src=twsrc%5Etfw\">May 2, 2024<\/a><\/blockquote><script async src=\"https:\/\/platform.twitter.com\/widgets.js\" charset=\"utf-8\"><\/script>\n<\/div><\/figure>\n\n\n\n<p>Adem\u00e1s, el Gobernador recorri\u00f3 el aula &nbsp;de grabaci\u00f3n multimedia del Centro Socioeducativo y Comunitario M\u00f3vil (CSCM) que se encuentra en Moreno desde el 26 de marzo. All\u00ed, seis estudiantes narraron y mostraron los contenidos que pudieron desarrollar gracias al equipamiento y la formaci\u00f3n que recibieron en materia de sonido, m\u00fasica, tecnolog\u00eda y producci\u00f3n audiovisual.<\/p>\n\n\n\n<p>\u201cEstos espacios son importantes porque acercan a los barrios populares los recursos y las inversiones que les permiten a los pibes y las pibas desplegar todo su talento y poner en palabras todo lo que piensan\u201d, resalt\u00f3 el Gobernador y explic\u00f3: \u201cEs verdad que hace falta mucho esfuerzo y sacrificio, pero tambi\u00e9n tiene que haber un Estado que garantice la igualdad de oportunidades para todos y todas\u201d.<\/p>\n\n\n\n<p>Por su parte, la intendenta Fern\u00e1ndez se\u00f1al\u00f3: \u201cEste programa ofrece nuevos caminos, fortalece nuestra identidad y levanta el autoestima de las y los j\u00f3venes de los barrios que sue\u00f1an con llevar adelante sus proyectos culturales\u201d. \u201cCada uno de los chicos y chicas reciben con mucho compromiso esta pol\u00edtica que abre nuevas y mejores oportunidades\u201d, agreg\u00f3.<\/p>\n\n\n\n<p>Este dispositivo, que permanecer\u00e1 en Moreno hasta el 27 de junio, es uno de los 16 CSCM que la Provincia lleva a los barrios para promover la alfabetizaci\u00f3n digital; la puesta en pr\u00e1ctica de lenguajes art\u00edsticos; y el aprendizaje de las ciencias y la tecnolog\u00eda. Al d\u00eda de hoy, participaron m\u00e1s de 500 chicos y chicas de Lan\u00fas, Quilmes, Moreno, La Plata y Bah\u00eda Blanca.<\/p>\n\n\n\n<p>\u201cCada uno de los pibes y las pibas que pasan por estos centros viven una experiencia extraordinaria que potencia sus cualidades art\u00edsticas y culturales: estos son espacios que abren puertas\u201d, sostuvo Sileoni y agreg\u00f3: \u201cEstamos en frente de quienes creen en la filosof\u00eda del individualismo: en la provincia vamos a seguir promoviendo la educaci\u00f3n p\u00fablica y de calidad porque permite pensar, so\u00f1ar y saber que hay un destino mejor para todos\u201d.<\/p>\n\n\n\n<p>Asimismo, Kicillof y la ministra de Ambiente, Daniela Vilar, entregaron al municipio maquinaria para la gesti\u00f3n de residuos: un autoelevador, una minicargadora, una balanza industrial y una enfardadora. Adem\u00e1s, se firm\u00f3 un convenio de colaboraci\u00f3n para la puesta en valor de espacios verdes y p\u00fablicos a trav\u00e9s de acciones de restauraci\u00f3n, regeneraci\u00f3n y saneamiento ambiental participativo.&nbsp;<\/p>\n\n\n\n<p>Por \u00faltimo, Kicillof afirm\u00f3: \u201cEn cada recorrida por los municipios de la provincia vemos el esfuerzo de una comunidad educativa que comprende que la educaci\u00f3n es un derecho\u201d. \u201cVamos a seguir por este camino porque ese es el mandato que nos otorg\u00f3 nuestro pueblo: acompa\u00f1ar a las y los bonaerenses y brindar respuestas a sus necesidades\u201d, concluy\u00f3.<\/p>\n\n\n\n<p>Estuvieron presentes el ministro de Trabajo, Walter Correa;\u00a0 los subsecretarios Educaci\u00f3n, Pablo Urquiza; de Organizaci\u00f3n Comunitaria del Ministerio de Desarrollo de la Comunidad, Santiago Fidanza; la subsecretaria de Residuos S\u00f3lidos Urbanos y Econom\u00eda Circular, Jackie Flores; la subdirectora de Experiencias Educativas en Barrios Populares de la DGCyE, Patricia Beggeres; el intendente de Merlo, Gustavo Men\u00e9ndez; la directora provincial de Educaci\u00f3n Inicial, Patricia Redondo; la secretaria local de Deportes, Cultura y Educaci\u00f3n, Cintia Mu\u00f1oz; la concejala Karina Men\u00e9ndez; la dirigenta gremial Mar\u00eda Reigada; y el dirigente Leonardo Grosso.<\/p>\n\n\n\n<figure class=\"wp-block-embed is-type-wp-embed is-provider-sector-prensa wp-block-embed-sector-prensa\"><div class=\"wp-block-embed__wrapper\">\n<blockquote class=\"wp-embedded-content\" data-secret=\"gXg1lWSHyR\"><a href=\"https:\/\/sectorprensa.com.ar\/?p=63222\">Merlo: Kicillof y Men\u00e9ndez inauguraron el nuevo edificio de la Escuela de Educaci\u00f3n Especial N\u00b0 502<\/a><\/blockquote><iframe loading=\"lazy\" class=\"wp-embedded-content\" sandbox=\"allow-scripts\" security=\"restricted\" style=\"position: absolute; clip: rect(1px, 1px, 1px, 1px);\" title=\"\u00abMerlo: Kicillof y Men\u00e9ndez inauguraron el nuevo edificio de la Escuela de Educaci\u00f3n Especial N\u00b0 502\u00bb \u2014 Sector Prensa\" src=\"https:\/\/sectorprensa.com.ar\/?p=63222&#038;embed=true#?secret=zPG3EznLOb#?secret=gXg1lWSHyR\" data-secret=\"gXg1lWSHyR\" width=\"600\" height=\"338\" frameborder=\"0\" marginwidth=\"0\" marginheight=\"0\" scrolling=\"no\"><\/iframe>\n<\/div><\/figure>\n","protected":false},"excerpt":{"rendered":"<p>Adem\u00e1s, el gobernador recorri\u00f3 un aula de grabaci\u00f3n multimedia y puso en funcionamiento nueva maquinaria para la gesti\u00f3n de residuos<\/p>\n","protected":false},"author":6,"featured_media":63226,"comment_status":"closed","ping_status":"closed","sticky":false,"template":"","format":"standard","meta":{"colormag_page_container_layout":"default_layout","colormag_page_sidebar_layout":"default_layout","footnotes":""},"categories":[17,2154,8,10],"tags":[5807,3337,1636,2898,437],"class_list":["post-63225","post","type-post","status-publish","format-standard","has-post-thumbnail","hentry","category-destacadas","category-moreno","category-politica","category-sociedad","tag-alberto-sileoni","tag-axel-kicillof","tag-kits-escolares","tag-mariel-fernandez","tag-moreno"],"_links":{"self":[{"href":"https:\/\/sectorprensa.com.ar\/index.php?rest_route=\/wp\/v2\/posts\/63225","targetHints":{"allow":["GET"]}}],"collection":[{"href":"https:\/\/sectorprensa.com.ar\/index.php?rest_route=\/wp\/v2\/posts"}],"about":[{"href":"https:\/\/sectorprensa.com.ar\/index.php?rest_route=\/wp\/v2\/types\/post"}],"author":[{"embeddable":true,"href":"https:\/\/sectorprensa.com.ar\/index.php?rest_route=\/wp\/v2\/users\/6"}],"replies":[{"embeddable":true,"href":"https:\/\/sectorprensa.com.ar\/index.php?rest_route=%2Fwp%2Fv2%2Fcomments&post=63225"}],"version-history":[{"count":3,"href":"https:\/\/sectorprensa.com.ar\/index.php?rest_route=\/wp\/v2\/posts\/63225\/revisions"}],"predecessor-version":[{"id":63229,"href":"https:\/\/sectorprensa.com.ar\/index.php?rest_route=\/wp\/v2\/posts\/63225\/revisions\/63229"}],"wp:featuredmedia":[{"embeddable":true,"href":"https:\/\/sectorprensa.com.ar\/index.php?rest_route=\/wp\/v2\/media\/63226"}],"wp:attachment":[{"href":"https:\/\/sectorprensa.com.ar\/index.php?rest_route=%2Fwp%2Fv2%2Fmedia&parent=63225"}],"wp:term":[{"taxonomy":"category","embeddable":true,"href":"https:\/\/sectorprensa.com.ar\/index.php?rest_route=%2Fwp%2Fv2%2Fcategories&post=63225"},{"taxonomy":"post_tag","embeddable":true,"href":"https:\/\/sectorprensa.com.ar\/index.php?rest_route=%2Fwp%2Fv2%2Ftags&post=63225"}],"curies":[{"name":"wp","href":"https:\/\/api.w.org\/{rel}","templated":true}]}}