{"id":63310,"date":"2024-05-07T09:09:13","date_gmt":"2024-05-07T12:09:13","guid":{"rendered":"https:\/\/sectorprensa.com.ar\/?p=63310"},"modified":"2024-05-07T09:09:13","modified_gmt":"2024-05-07T12:09:13","slug":"tragedia-en-ituzaingo-un-bebe-cayo-desde-una-terraza-y-murio","status":"publish","type":"post","link":"https:\/\/sectorprensa.com.ar\/?p=63310","title":{"rendered":"Tragedia en Ituzaing\u00f3: un beb\u00e9 cay\u00f3 desde una terraza y muri\u00f3"},"content":{"rendered":"\n<h6 class=\"wp-block-heading\"><strong>El hecho ocurri\u00f3 en una vivienda ubicada en la calle Fragata Sarmiento, casi esquina Del Cabestro. La Justicia inici\u00f3 una causa por averiguaci\u00f3n de il\u00edcito, aunque todo parece indicar que se trat\u00f3 de un accidente.<\/strong><\/h6>\n\n\n\n<p>Un beb\u00e9 de un a\u00f1o muri\u00f3 tras caer al vac\u00edo desde la terraza de su casa en el partido de Ituzaing\u00f3. La principal hip\u00f3tesis eval\u00faa que se haya tratado de un descuido de sus padres.<\/p>\n\n\n\n<p>El tr\u00e1gico hecho sucedi\u00f3 en una vivienda de la calle Fragata Sarmiento, casi esquina Del Cabestro, en la localidad de Udaondo. El padre del chico sali\u00f3 del ba\u00f1o y se dio cuenta de que el peque\u00f1o hab\u00eda ca\u00eddo al patio interno cuando observ\u00f3 que la puerta que daba al techo estaba abierta.<\/p>\n\n\n\n<p>Desesperado, el hombre baj\u00f3 las escaleras corriendo, agarr\u00f3 al menor y se dirigi\u00f3 con su auto hacia el hospital del Bicentenario.<\/p>\n\n\n\n<p>El beb\u00e9 lleg\u00f3 al centro de salud con fractura de cr\u00e1neo, entre otras lesiones de gravedad. Por este motivo fue trasladado de urgencia al hospital Alejandro Posadas de Mor\u00f3n, donde falleci\u00f3 mientras estaba siendo operado.<\/p>\n\n\n\n<p>La Justicia inici\u00f3 una causa por averiguaci\u00f3n de il\u00edcito.<\/p>\n\n\n\n<figure class=\"wp-block-embed is-type-wp-embed is-provider-sector-prensa wp-block-embed-sector-prensa\"><div class=\"wp-block-embed__wrapper\">\n<blockquote class=\"wp-embedded-content\" data-secret=\"NpCLu440FK\"><a href=\"https:\/\/sectorprensa.com.ar\/?p=63262\">Clausuraron un complejo de canchas de f\u00fatbol en Ituzaing\u00f3: realizaban apuestas ilegales<\/a><\/blockquote><iframe loading=\"lazy\" class=\"wp-embedded-content\" sandbox=\"allow-scripts\" security=\"restricted\" style=\"position: absolute; clip: rect(1px, 1px, 1px, 1px);\" title=\"\u00abClausuraron un complejo de canchas de f\u00fatbol en Ituzaing\u00f3: realizaban apuestas ilegales\u00bb \u2014 Sector Prensa\" src=\"https:\/\/sectorprensa.com.ar\/?p=63262&#038;embed=true#?secret=G0xIXo5piI#?secret=NpCLu440FK\" data-secret=\"NpCLu440FK\" width=\"600\" height=\"338\" frameborder=\"0\" marginwidth=\"0\" marginheight=\"0\" scrolling=\"no\"><\/iframe>\n<\/div><\/figure>\n","protected":false},"excerpt":{"rendered":"<p>El hecho ocurri\u00f3 en una vivienda ubicada en la calle Fragata Sarmiento, casi esquina Del Cabestro. La Justicia inici\u00f3 una<\/p>\n","protected":false},"author":6,"featured_media":63311,"comment_status":"closed","ping_status":"closed","sticky":false,"template":"","format":"standard","meta":{"colormag_page_container_layout":"default_layout","colormag_page_sidebar_layout":"default_layout","footnotes":""},"categories":[17,4,12],"tags":[49,120,1075],"class_list":["post-63310","post","type-post","status-publish","format-standard","has-post-thumbnail","hentry","category-destacadas","category-ituzaingo","category-policiales","tag-ituzaingo","tag-muerte","tag-tragedia"],"_links":{"self":[{"href":"https:\/\/sectorprensa.com.ar\/index.php?rest_route=\/wp\/v2\/posts\/63310","targetHints":{"allow":["GET"]}}],"collection":[{"href":"https:\/\/sectorprensa.com.ar\/index.php?rest_route=\/wp\/v2\/posts"}],"about":[{"href":"https:\/\/sectorprensa.com.ar\/index.php?rest_route=\/wp\/v2\/types\/post"}],"author":[{"embeddable":true,"href":"https:\/\/sectorprensa.com.ar\/index.php?rest_route=\/wp\/v2\/users\/6"}],"replies":[{"embeddable":true,"href":"https:\/\/sectorprensa.com.ar\/index.php?rest_route=%2Fwp%2Fv2%2Fcomments&post=63310"}],"version-history":[{"count":1,"href":"https:\/\/sectorprensa.com.ar\/index.php?rest_route=\/wp\/v2\/posts\/63310\/revisions"}],"predecessor-version":[{"id":63312,"href":"https:\/\/sectorprensa.com.ar\/index.php?rest_route=\/wp\/v2\/posts\/63310\/revisions\/63312"}],"wp:featuredmedia":[{"embeddable":true,"href":"https:\/\/sectorprensa.com.ar\/index.php?rest_route=\/wp\/v2\/media\/63311"}],"wp:attachment":[{"href":"https:\/\/sectorprensa.com.ar\/index.php?rest_route=%2Fwp%2Fv2%2Fmedia&parent=63310"}],"wp:term":[{"taxonomy":"category","embeddable":true,"href":"https:\/\/sectorprensa.com.ar\/index.php?rest_route=%2Fwp%2Fv2%2Fcategories&post=63310"},{"taxonomy":"post_tag","embeddable":true,"href":"https:\/\/sectorprensa.com.ar\/index.php?rest_route=%2Fwp%2Fv2%2Ftags&post=63310"}],"curies":[{"name":"wp","href":"https:\/\/api.w.org\/{rel}","templated":true}]}}