{"id":63320,"date":"2024-05-07T09:17:35","date_gmt":"2024-05-07T12:17:35","guid":{"rendered":"https:\/\/sectorprensa.com.ar\/?p=63320"},"modified":"2024-05-07T09:17:35","modified_gmt":"2024-05-07T12:17:35","slug":"el-gobierno-afirma-que-el-boleto-minimo-de-tren-deberia-ser-de-2-000","status":"publish","type":"post","link":"https:\/\/sectorprensa.com.ar\/?p=63320","title":{"rendered":"El gobierno afirma que el boleto m\u00ednimo de tren deber\u00eda ser de $ 2.000"},"content":{"rendered":"\n<h6 class=\"wp-block-heading\"><strong>Lo afirm\u00f3 el secretario de Transporte, Franco Mogetta. Tambi\u00e9n adelant\u00f3 una nueva suba en la tarifa de los colectivos del AMBA.<\/strong><\/h6>\n\n\n\n<p>Tras oficializar el aumento que rige desde este lunes, el Gobierno afirm\u00f3 que el boleto m\u00ednimo de tren en el \u00c1rea Metropolitana de Buenos Aires (AMBA) deber\u00eda ser de 2 mil pesos para cubrir los costos del sistema, mientras que estudia un nuevo incremento para los pasajes de colectivos en Buenos Aires y Capital Federal.<\/p>\n\n\n\n<p>\u201cLa tarifa tiene que tomar cada vez m\u00e1s protagonismo en la cobertura de los costos. T\u00e9cnicamente, a niveles de hoy, tendr\u00edamos que hablar de un pasaje de $ 2.000 para cubrir la totalidad de los costos\u201d, expres\u00f3 el secretario de Transporte, Franco Mogetta, en Radio Rivadavia.<\/p>\n\n\n\n<p>\u201cNosotros no podemos trasladar esta ineficiencia al usuario, se han dejado de percibir much\u00edsimos ingresos por alquileres mal cobrados y por pol\u00edticas que hicieron que haya un 30 % de evasi\u00f3n del pago del boleto\u201d, agreg\u00f3.<\/p>\n\n\n\n<p>En cuanto a los boletos de colectivos del AMBA, Mogetta anticip\u00f3 que \u201cposiblemente en los pr\u00f3ximos meses tengamos que avanzar en un incremento, lo estamos estudiando, todav\u00eda no tenemos una fecha precisa\u201d.<\/p>\n\n\n\n<p>Actualmente el pasaje m\u00ednimo se encuentra en $ 270 en la Ciudad y el Gran Buenos Aires, ya que el Gobierno decidi\u00f3 no aplicar el mecanismo de actualizaci\u00f3n por inflaci\u00f3n que rige desde febrero. El traslado de esa variaci\u00f3n ser\u00eda del 51,6% acumulado hasta marzo, por lo que el boleto podr\u00eda saltar a $ 409,32, aunque la suba definida podr\u00eda ser menor.<\/p>\n\n\n\n<p>Adem\u00e1s, el secretario de Transporte afirm\u00f3 que \u201crecibimos empresas con muy poca gesti\u00f3n, con superpoblaci\u00f3n de personal. Entre 2019 y 2022, SOFSE (Trenes Argentinos) increment\u00f3 un 25 % los costos pero redujo los ingresos en un 68 por ciento\u201d.<\/p>\n\n\n\n<p>\u201cHace much\u00edsimos a\u00f1os que no se hacen compra de repuestos ferroviarios y hay talleres que no se les hizo el mantenimiento necesario y que no tienen capacidades de hacer mantenimientos vitales. La actualizaci\u00f3n de la tarifa ferroviaria apunta a corregir estos desajustes\u201d, sostuvo.<\/p>\n\n\n\n<p>\u201cRecibimos un sistema en muy mal estado. Hace m\u00e1s de cuatro a\u00f1os que los trenes no tienen el mantenimiento integral necesario y hace m\u00e1s de diez a\u00f1os que no se hace compras de material rodante. Tambi\u00e9n es muy grave lo que nos dejaron en infraestructura, por eso decidimos suspender servicios de larga distancia en el interior\u201d, concluy\u00f3 el funcionario.<\/p>\n\n\n\n<figure class=\"wp-block-embed is-type-wp-embed is-provider-sector-prensa wp-block-embed-sector-prensa\"><div class=\"wp-block-embed__wrapper\">\n<blockquote class=\"wp-embedded-content\" data-secret=\"7Aw6YovXrB\"><a href=\"https:\/\/sectorprensa.com.ar\/?p=63273\">Pymes: las ventas minoristas sufrieron una ca\u00edda anual<\/a><\/blockquote><iframe loading=\"lazy\" class=\"wp-embedded-content\" sandbox=\"allow-scripts\" security=\"restricted\" style=\"position: absolute; clip: rect(1px, 1px, 1px, 1px);\" title=\"\u00abPymes: las ventas minoristas sufrieron una ca\u00edda anual\u00bb \u2014 Sector Prensa\" src=\"https:\/\/sectorprensa.com.ar\/?p=63273&#038;embed=true#?secret=WKX8E0J97Y#?secret=7Aw6YovXrB\" data-secret=\"7Aw6YovXrB\" width=\"600\" height=\"338\" frameborder=\"0\" marginwidth=\"0\" marginheight=\"0\" scrolling=\"no\"><\/iframe>\n<\/div><\/figure>\n","protected":false},"excerpt":{"rendered":"<p>Lo afirm\u00f3 el secretario de Transporte, Franco Mogetta. Tambi\u00e9n adelant\u00f3 una nueva suba en la tarifa de los colectivos del<\/p>\n","protected":false},"author":6,"featured_media":32742,"comment_status":"closed","ping_status":"closed","sticky":false,"template":"","format":"standard","meta":{"colormag_page_container_layout":"default_layout","colormag_page_sidebar_layout":"default_layout","footnotes":""},"categories":[17,8,18,10],"tags":[35,8733,838,2542],"class_list":["post-63320","post","type-post","status-publish","format-standard","has-post-thumbnail","hentry","category-destacadas","category-politica","category-provincia","category-sociedad","tag-colectivos","tag-franco-mogetta","tag-transporte","tag-trenes"],"_links":{"self":[{"href":"https:\/\/sectorprensa.com.ar\/index.php?rest_route=\/wp\/v2\/posts\/63320","targetHints":{"allow":["GET"]}}],"collection":[{"href":"https:\/\/sectorprensa.com.ar\/index.php?rest_route=\/wp\/v2\/posts"}],"about":[{"href":"https:\/\/sectorprensa.com.ar\/index.php?rest_route=\/wp\/v2\/types\/post"}],"author":[{"embeddable":true,"href":"https:\/\/sectorprensa.com.ar\/index.php?rest_route=\/wp\/v2\/users\/6"}],"replies":[{"embeddable":true,"href":"https:\/\/sectorprensa.com.ar\/index.php?rest_route=%2Fwp%2Fv2%2Fcomments&post=63320"}],"version-history":[{"count":1,"href":"https:\/\/sectorprensa.com.ar\/index.php?rest_route=\/wp\/v2\/posts\/63320\/revisions"}],"predecessor-version":[{"id":63321,"href":"https:\/\/sectorprensa.com.ar\/index.php?rest_route=\/wp\/v2\/posts\/63320\/revisions\/63321"}],"wp:featuredmedia":[{"embeddable":true,"href":"https:\/\/sectorprensa.com.ar\/index.php?rest_route=\/wp\/v2\/media\/32742"}],"wp:attachment":[{"href":"https:\/\/sectorprensa.com.ar\/index.php?rest_route=%2Fwp%2Fv2%2Fmedia&parent=63320"}],"wp:term":[{"taxonomy":"category","embeddable":true,"href":"https:\/\/sectorprensa.com.ar\/index.php?rest_route=%2Fwp%2Fv2%2Fcategories&post=63320"},{"taxonomy":"post_tag","embeddable":true,"href":"https:\/\/sectorprensa.com.ar\/index.php?rest_route=%2Fwp%2Fv2%2Ftags&post=63320"}],"curies":[{"name":"wp","href":"https:\/\/api.w.org\/{rel}","templated":true}]}}