{"id":63324,"date":"2024-05-07T12:20:04","date_gmt":"2024-05-07T15:20:04","guid":{"rendered":"https:\/\/sectorprensa.com.ar\/?p=63324"},"modified":"2024-05-07T12:20:05","modified_gmt":"2024-05-07T15:20:05","slug":"la-ley-bases-se-va-a-definir-en-el-minuto-90-va-a-ser-una-eleccion-renida","status":"publish","type":"post","link":"https:\/\/sectorprensa.com.ar\/?p=63324","title":{"rendered":"\u201cLa Ley Bases se va a definir en el minuto 90, va a ser una elecci\u00f3n re\u00f1ida\u201d"},"content":{"rendered":"\n<h6 class=\"wp-block-heading\"><strong>Lo dijo Bartolom\u00e9 Abdala, presidente provisional del Senado. \u201cCon la Ley Bases, se va a legalizar el voto popular\u201d, remarc\u00f3.<\/strong><\/h6>\n\n\n\n<p>Bartolom\u00e9 Abdala, presidente provisional del Senado habl\u00f3 sobre el tratamiento de la Ley Bases en el Senado: \u201cLa Ley Bases se va a definir en el minuto 90, va a ser una elecci\u00f3n re\u00f1ida\u201d.<\/p>\n\n\n\n<p>\u201cSomos optimistas porque tenemos la oportunidad de transformar en ley algo que ya tiene media sanci\u00f3n en Diputados\u201d, destac\u00f3 Abdala en di\u00e1logo con CNN Radio. Es por eso que se\u00f1al\u00f3 que buscar\u00e1n persuadir y lograr sensatez en todos los senadores.<\/p>\n\n\n\n<p>Y afirm\u00f3: \u201cCon la Ley Bases, se va a legalizar el voto popular, en noviembre ganamos con el voto mayoritario y todav\u00eda no podemos tener esta Ley. Tenemos que caminar hacia la unidad nacional porque el que gan\u00f3 conduce y el que perdi\u00f3 acompa\u00f1a\u201d. Tambi\u00e9n confirm\u00f3 que la ley podr\u00eda tener algunas observaciones y volver a Diputados.<\/p>\n\n\n\n<p>En tanto, Abdala remarc\u00f3 que le resulta inveros\u00edmil que una ley \u201crealmente buena para la patria\u201d no sea acompa\u00f1ada por la politiquer\u00eda: \u201cSi en las provincias hay alguna particularidad sobre esta Ley, los he invitado a que hagan un proyecto diferente. Pero si cada uno saca ventaja para su provincia, perdemos el norte, que es la unidad nacional\u201d.<\/p>\n\n\n\n<p>Y apunt\u00f3: \u201cLos que no nos acompa\u00f1en se tienen que hacer cargo de decirle a la ciudadan\u00eda que no aceptaron la voluntad popular\u201d.<\/p>\n\n\n\n<p>\u201cLos que no comulgan con nuestras ideas de poner a la Argentina de pie, que conf\u00eden y nos den la responsabilidad que ya nos dio el pueblo argentino. Con su voto, los senadores tienen que legalizar lo que la Argentina eligi\u00f3 el cambio sobre la continuidad el 19 de noviembre. La Argentina tiene urgencia y nos est\u00e1 esperando\u201d, reclam\u00f3 el senador.<\/p>\n\n\n\n<p>Respecto a algunos puntos de la norma, Abdala puntualiz\u00f3 que buscan dar previsibilidad. Y defendi\u00f3: \u201cEl R\u00e9gimen de Incentivo a las Grandes Inversiones beneficia a un mont\u00f3n de provincias, a la que menos beneficia es a la m\u00eda, San Luis y como sanluise\u00f1o, estoy dispuesto a apoyar la Ley. Adem\u00e1s, se incorpor\u00f3 el tabaco, un impuesto coparticipable y beneficioso para los gobernadores\u201d.<\/p>\n\n\n\n<p>Por \u00faltimo, Abdala se refiri\u00f3 a los reclamos de las PyMEs por las RIGI: \u201cNo considero que haya competencia desleal, lo que la Argentina necesita son grandes inversiones\u201d.<\/p>\n\n\n\n<p>\u201cHoy en el mundo hay mucho dinero en el correo electr\u00f3nico dando vueltas y la gente que tiene ese dinero elije. Muchos argentinos hoy no invierten en nuestro pa\u00eds porque no somos confiables\u201d, concluy\u00f3.<\/p>\n\n\n\n<figure class=\"wp-block-embed is-type-wp-embed is-provider-sector-prensa wp-block-embed-sector-prensa\"><div class=\"wp-block-embed__wrapper\">\n<blockquote class=\"wp-embedded-content\" data-secret=\"VE98wjiXKi\"><a href=\"https:\/\/sectorprensa.com.ar\/?p=63317\">Adorni confirm\u00f3 que habr\u00e1 Pacto de Mayo \u00abcon o sin Ley de Bases\u00bb<\/a><\/blockquote><iframe loading=\"lazy\" class=\"wp-embedded-content\" sandbox=\"allow-scripts\" security=\"restricted\" style=\"position: absolute; clip: rect(1px, 1px, 1px, 1px);\" title=\"\u00abAdorni confirm\u00f3 que habr\u00e1 Pacto de Mayo \u00abcon o sin Ley de Bases\u00bb\u00bb \u2014 Sector Prensa\" src=\"https:\/\/sectorprensa.com.ar\/?p=63317&#038;embed=true#?secret=5qMJrtBXbz#?secret=VE98wjiXKi\" data-secret=\"VE98wjiXKi\" width=\"600\" height=\"338\" frameborder=\"0\" marginwidth=\"0\" marginheight=\"0\" scrolling=\"no\"><\/iframe>\n<\/div><\/figure>\n","protected":false},"excerpt":{"rendered":"<p>Lo dijo Bartolom\u00e9 Abdala, presidente provisional del Senado. \u201cCon la Ley Bases, se va a legalizar el voto popular\u201d, remarc\u00f3.<\/p>\n","protected":false},"author":6,"featured_media":63325,"comment_status":"closed","ping_status":"closed","sticky":false,"template":"","format":"standard","meta":{"colormag_page_container_layout":"default_layout","colormag_page_sidebar_layout":"default_layout","footnotes":""},"categories":[6828,8],"tags":[8734,8716,8444],"class_list":["post-63324","post","type-post","status-publish","format-standard","has-post-thumbnail","hentry","category-mas-destacadas","category-politica","tag-bartolome-abdala","tag-ley-bases","tag-ley-omnibus"],"_links":{"self":[{"href":"https:\/\/sectorprensa.com.ar\/index.php?rest_route=\/wp\/v2\/posts\/63324","targetHints":{"allow":["GET"]}}],"collection":[{"href":"https:\/\/sectorprensa.com.ar\/index.php?rest_route=\/wp\/v2\/posts"}],"about":[{"href":"https:\/\/sectorprensa.com.ar\/index.php?rest_route=\/wp\/v2\/types\/post"}],"author":[{"embeddable":true,"href":"https:\/\/sectorprensa.com.ar\/index.php?rest_route=\/wp\/v2\/users\/6"}],"replies":[{"embeddable":true,"href":"https:\/\/sectorprensa.com.ar\/index.php?rest_route=%2Fwp%2Fv2%2Fcomments&post=63324"}],"version-history":[{"count":1,"href":"https:\/\/sectorprensa.com.ar\/index.php?rest_route=\/wp\/v2\/posts\/63324\/revisions"}],"predecessor-version":[{"id":63326,"href":"https:\/\/sectorprensa.com.ar\/index.php?rest_route=\/wp\/v2\/posts\/63324\/revisions\/63326"}],"wp:featuredmedia":[{"embeddable":true,"href":"https:\/\/sectorprensa.com.ar\/index.php?rest_route=\/wp\/v2\/media\/63325"}],"wp:attachment":[{"href":"https:\/\/sectorprensa.com.ar\/index.php?rest_route=%2Fwp%2Fv2%2Fmedia&parent=63324"}],"wp:term":[{"taxonomy":"category","embeddable":true,"href":"https:\/\/sectorprensa.com.ar\/index.php?rest_route=%2Fwp%2Fv2%2Fcategories&post=63324"},{"taxonomy":"post_tag","embeddable":true,"href":"https:\/\/sectorprensa.com.ar\/index.php?rest_route=%2Fwp%2Fv2%2Ftags&post=63324"}],"curies":[{"name":"wp","href":"https:\/\/api.w.org\/{rel}","templated":true}]}}