{"id":63352,"date":"2024-05-08T10:41:05","date_gmt":"2024-05-08T13:41:05","guid":{"rendered":"https:\/\/sectorprensa.com.ar\/?p=63352"},"modified":"2024-05-08T11:53:07","modified_gmt":"2024-05-08T14:53:07","slug":"hugo-yasky-sobre-la-ley-bases-no-es-otra-cosa-que-las-bases-para-la-destruccion-de-nuestro-pais","status":"publish","type":"post","link":"https:\/\/sectorprensa.com.ar\/?p=63352","title":{"rendered":"Hugo Yasky sobre la Ley Bases: \u201cLa destrucci\u00f3n de nuestro pa\u00eds\u201d"},"content":{"rendered":"\n<h6 class=\"wp-block-heading\"><strong>El secretario General de la CTA sostuvo que este jueves ser\u00e1 un d\u00eda para demostrar el rechazo de los trabajadores a las pol\u00edticas de Javier Milei.<\/strong><\/h6>\n\n\n\n<p>El secretario general de la CTA y diputado nacional por Uni\u00f3n por la Patria, Hugo Yasky, habl\u00f3 sobre la convocatoria y el impacto del paro general convocado para ma\u00f1ana 9 de mayo.<\/p>\n\n\n\n<p>En ese aspecto, Yasky asever\u00f3 que \u201cva a ser un paro contundente en todo el pa\u00eds. El 9 de mayo va a ser un d\u00eda hist\u00f3rico, ning\u00fan otro paro de la CGT va a tener la contundencia que va a tener este y va a marcar una l\u00ednea ascendente en empezar a construir un escenario donde la movilizaci\u00f3n popular va a ser contundente\u201d.<\/p>\n\n\n\n<p>Al mismo tiempo, sostuvo que este jueves \u201cva a ser un d\u00eda para mostrar contundencia a trav\u00e9s de la huelga y el rechazo a las pol\u00edticas de Javier Milei en el intento de aprobar la Ley Bases\u201d.<\/p>\n\n\n\n<p>Al ser consultado sobre el intento de aprobar la Ley Bases, indic\u00f3 que \u201cno es otra cosa que las bases para la destrucci\u00f3n de nuestro pa\u00eds\u201d, al mismo tiempo que remarc\u00f3 que \u201cse deline\u00f3 una hoja de ruta donde est\u00e1 previsto que las 3 centrales trabajemos sobre la reforma laboral y las otras l\u00edneas que impactan sobre el trabajo\u201d.<\/p>\n\n\n\n<p>C\u00f3mo impacta la ley Bases en los trabajadores: \u201cAbarata el despido. No hace falta estimular a las patronales para que despidan, pero a partir de la sanci\u00f3n de esa ley el despido en Argentina ser\u00eda mucho m\u00e1s barato. Hay un intento claro de avanzar en ese tema. no hay ning\u00fan tipo de sanci\u00f3n para quienes contraten trabajadores no registrados y se convierte en un fraude laboral\u201d, se\u00f1al\u00f3.<\/p>\n\n\n\n<p>Por \u00faltimo, indic\u00f3 que con la aprobaci\u00f3n de la Ley Bases \u201c9 de cada 10 mujeres no se van a poder jubilar en Argentina porque ya no se le computar\u00e1n sus actividades como amas de casa y son medidas que quieren convertir a Argentina en un para\u00edso fiscal\u201d.<\/p>\n\n\n\n<figure class=\"wp-block-embed is-type-wp-embed is-provider-sector-prensa wp-block-embed-sector-prensa\"><div class=\"wp-block-embed__wrapper\">\n<blockquote class=\"wp-embedded-content\" data-secret=\"Rwl53xsv0e\"><a href=\"https:\/\/sectorprensa.com.ar\/?p=63335\">CTERA anunci\u00f3 que se adhiere al paro<\/a><\/blockquote><iframe loading=\"lazy\" class=\"wp-embedded-content\" sandbox=\"allow-scripts\" security=\"restricted\" style=\"position: absolute; clip: rect(1px, 1px, 1px, 1px);\" title=\"\u00abCTERA anunci\u00f3 que se adhiere al paro\u00bb \u2014 Sector Prensa\" src=\"https:\/\/sectorprensa.com.ar\/?p=63335&#038;embed=true#?secret=SjFsYNzI2G#?secret=Rwl53xsv0e\" data-secret=\"Rwl53xsv0e\" width=\"600\" height=\"338\" frameborder=\"0\" marginwidth=\"0\" marginheight=\"0\" scrolling=\"no\"><\/iframe>\n<\/div><\/figure>\n","protected":false},"excerpt":{"rendered":"<p>El secretario General de la CTA sostuvo que este jueves ser\u00e1 un d\u00eda para demostrar el rechazo de los trabajadores<\/p>\n","protected":false},"author":6,"featured_media":63353,"comment_status":"closed","ping_status":"closed","sticky":false,"template":"","format":"standard","meta":{"colormag_page_container_layout":"default_layout","colormag_page_sidebar_layout":"default_layout","footnotes":""},"categories":[17,8],"tags":[1261,8138,8716,8444],"class_list":["post-63352","post","type-post","status-publish","format-standard","has-post-thumbnail","hentry","category-destacadas","category-politica","tag-cta","tag-hugo-yasky","tag-ley-bases","tag-ley-omnibus"],"_links":{"self":[{"href":"https:\/\/sectorprensa.com.ar\/index.php?rest_route=\/wp\/v2\/posts\/63352","targetHints":{"allow":["GET"]}}],"collection":[{"href":"https:\/\/sectorprensa.com.ar\/index.php?rest_route=\/wp\/v2\/posts"}],"about":[{"href":"https:\/\/sectorprensa.com.ar\/index.php?rest_route=\/wp\/v2\/types\/post"}],"author":[{"embeddable":true,"href":"https:\/\/sectorprensa.com.ar\/index.php?rest_route=\/wp\/v2\/users\/6"}],"replies":[{"embeddable":true,"href":"https:\/\/sectorprensa.com.ar\/index.php?rest_route=%2Fwp%2Fv2%2Fcomments&post=63352"}],"version-history":[{"count":3,"href":"https:\/\/sectorprensa.com.ar\/index.php?rest_route=\/wp\/v2\/posts\/63352\/revisions"}],"predecessor-version":[{"id":63362,"href":"https:\/\/sectorprensa.com.ar\/index.php?rest_route=\/wp\/v2\/posts\/63352\/revisions\/63362"}],"wp:featuredmedia":[{"embeddable":true,"href":"https:\/\/sectorprensa.com.ar\/index.php?rest_route=\/wp\/v2\/media\/63353"}],"wp:attachment":[{"href":"https:\/\/sectorprensa.com.ar\/index.php?rest_route=%2Fwp%2Fv2%2Fmedia&parent=63352"}],"wp:term":[{"taxonomy":"category","embeddable":true,"href":"https:\/\/sectorprensa.com.ar\/index.php?rest_route=%2Fwp%2Fv2%2Fcategories&post=63352"},{"taxonomy":"post_tag","embeddable":true,"href":"https:\/\/sectorprensa.com.ar\/index.php?rest_route=%2Fwp%2Fv2%2Ftags&post=63352"}],"curies":[{"name":"wp","href":"https:\/\/api.w.org\/{rel}","templated":true}]}}