{"id":63819,"date":"2024-05-28T09:21:54","date_gmt":"2024-05-28T12:21:54","guid":{"rendered":"https:\/\/sectorprensa.com.ar\/?p=63819"},"modified":"2024-05-28T09:21:55","modified_gmt":"2024-05-28T12:21:55","slug":"anuncian-un-consorcio-para-gestionar-la-autopista-presidente-peron","status":"publish","type":"post","link":"https:\/\/sectorprensa.com.ar\/?p=63819","title":{"rendered":"Anuncian un consorcio para gestionar la Autopista Presidente Per\u00f3n"},"content":{"rendered":"\n<h6 class=\"wp-block-heading\"><strong>Lo dijo Carlos Bianco, el ministro de gobierno bonaerense. \u201cLa Provincia viene haciendo un esfuerzo muy grande frente al ajuste que est\u00e1 llevando adelante el Gobierno nacional\u201d, sostuvo.<\/strong><\/h6>\n\n\n\n<p>El ministro de Gobierno bonaerense, Carlos Bianco, brind\u00f3 este lunes una conferencia de prensa en el Sal\u00f3n Dorado de la Gobernaci\u00f3n, acompa\u00f1ado por el ministro de Producci\u00f3n, Ciencia e Innovaci\u00f3n Tecnol\u00f3gica, Augusto Costa, y el presidente del Banco Provincia, Juan Cuattromo.<\/p>\n\n\n\n<p>En la misma, dijo que \u201cla Provincia viene haciendo un esfuerzo muy grande frente al ajuste que est\u00e1 llevando adelante el Gobierno nacional\u201d.<\/p>\n\n\n\n<p>Adem\u00e1s, anunci\u00f3 la publicaci\u00f3n en el Bolet\u00edn Oficial del Decreto de creaci\u00f3n del Consorcio de Gesti\u00f3n y Desarrollo de la Autopista Presidente Per\u00f3n, algo muy esperado por los vecinos del oeste.<\/p>\n\n\n\n<p>En este sentido, Bianco explic\u00f3: \u201cActualmente, la autopista se encuentra en una situaci\u00f3n de total abandono por parte del Gobierno nacional, que no ha avanzado en la terminaci\u00f3n de los seis kil\u00f3metros entre el Camino del Buen Ayre y Merlo ni en los veinticinco kil\u00f3metros desde la Ruta 210 en Guernica hasta la Ruta 2\u201d.<\/p>\n\n\n\n<p>\u201cPor esta raz\u00f3n, vamos a solicitar al Gobierno nacional que traspase al Gobierno de la Provincia la operaci\u00f3n, mantenimiento y finalizaci\u00f3n de las obras. Esta es una preocupaci\u00f3n no solo del gobernador Axel Kicillof, sino de los intendentes de cada uno de los distritos bonaerenses, especialmente en materia de seguridad. La falta de iluminaci\u00f3n, el abandono de la traza y la ausencia de fuerzas federales han llevado a que la autopista se est\u00e9 transformando en un corredor vinculado al narcotr\u00e1fico y al narcomenudeo\u201d, comunic\u00f3 el ministro.<\/p>\n\n\n\n<p>El Consorcio estar\u00e1 integrado por el Gobierno de la Provincia y los municipios de Berazategui, Ezeiza, Florencio Varela, Ituzaing\u00f3, La Matanza, Merlo, Presidente Per\u00f3n y San Vicente, los cuales participar\u00e1n en los pr\u00f3ximos d\u00edas de la firma del convenio para su creaci\u00f3n.<\/p>\n\n\n\n<figure class=\"wp-block-embed is-type-wp-embed is-provider-sector-prensa wp-block-embed-sector-prensa\"><div class=\"wp-block-embed__wrapper\">\n<blockquote class=\"wp-embedded-content\" data-secret=\"V1VUcVM7vs\"><a href=\"https:\/\/sectorprensa.com.ar\/?p=63708\">AMBA: un hogar promedio gasta m\u00e1s de $118.000 por mes en luz, gas, agua y transporte<\/a><\/blockquote><iframe loading=\"lazy\" class=\"wp-embedded-content\" sandbox=\"allow-scripts\" security=\"restricted\" style=\"position: absolute; clip: rect(1px, 1px, 1px, 1px);\" title=\"\u00abAMBA: un hogar promedio gasta m\u00e1s de $118.000 por mes en luz, gas, agua y transporte\u00bb \u2014 Sector Prensa\" src=\"https:\/\/sectorprensa.com.ar\/?p=63708&#038;embed=true#?secret=O4Qd0w6Rug#?secret=V1VUcVM7vs\" data-secret=\"V1VUcVM7vs\" width=\"600\" height=\"338\" frameborder=\"0\" marginwidth=\"0\" marginheight=\"0\" scrolling=\"no\"><\/iframe>\n<\/div><\/figure>\n","protected":false},"excerpt":{"rendered":"<p>Lo dijo Carlos Bianco, el ministro de gobierno bonaerense. \u201cLa Provincia viene haciendo un esfuerzo muy grande frente al ajuste<\/p>\n","protected":false},"author":6,"featured_media":63820,"comment_status":"closed","ping_status":"closed","sticky":false,"template":"","format":"standard","meta":{"colormag_page_container_layout":"default_layout","colormag_page_sidebar_layout":"default_layout","footnotes":""},"categories":[17,8,18],"tags":[4586,4440],"class_list":["post-63819","post","type-post","status-publish","format-standard","has-post-thumbnail","hentry","category-destacadas","category-politica","category-provincia","tag-autopista-presidente-peron","tag-carlos-bianco"],"_links":{"self":[{"href":"https:\/\/sectorprensa.com.ar\/index.php?rest_route=\/wp\/v2\/posts\/63819","targetHints":{"allow":["GET"]}}],"collection":[{"href":"https:\/\/sectorprensa.com.ar\/index.php?rest_route=\/wp\/v2\/posts"}],"about":[{"href":"https:\/\/sectorprensa.com.ar\/index.php?rest_route=\/wp\/v2\/types\/post"}],"author":[{"embeddable":true,"href":"https:\/\/sectorprensa.com.ar\/index.php?rest_route=\/wp\/v2\/users\/6"}],"replies":[{"embeddable":true,"href":"https:\/\/sectorprensa.com.ar\/index.php?rest_route=%2Fwp%2Fv2%2Fcomments&post=63819"}],"version-history":[{"count":1,"href":"https:\/\/sectorprensa.com.ar\/index.php?rest_route=\/wp\/v2\/posts\/63819\/revisions"}],"predecessor-version":[{"id":63821,"href":"https:\/\/sectorprensa.com.ar\/index.php?rest_route=\/wp\/v2\/posts\/63819\/revisions\/63821"}],"wp:featuredmedia":[{"embeddable":true,"href":"https:\/\/sectorprensa.com.ar\/index.php?rest_route=\/wp\/v2\/media\/63820"}],"wp:attachment":[{"href":"https:\/\/sectorprensa.com.ar\/index.php?rest_route=%2Fwp%2Fv2%2Fmedia&parent=63819"}],"wp:term":[{"taxonomy":"category","embeddable":true,"href":"https:\/\/sectorprensa.com.ar\/index.php?rest_route=%2Fwp%2Fv2%2Fcategories&post=63819"},{"taxonomy":"post_tag","embeddable":true,"href":"https:\/\/sectorprensa.com.ar\/index.php?rest_route=%2Fwp%2Fv2%2Ftags&post=63819"}],"curies":[{"name":"wp","href":"https:\/\/api.w.org\/{rel}","templated":true}]}}