{"id":63906,"date":"2024-05-30T23:51:49","date_gmt":"2024-05-31T02:51:49","guid":{"rendered":"https:\/\/sectorprensa.com.ar\/?p=63906"},"modified":"2024-05-30T23:51:50","modified_gmt":"2024-05-31T02:51:50","slug":"kicillof-aumento-el-presupuesto-universitario","status":"publish","type":"post","link":"https:\/\/sectorprensa.com.ar\/?p=63906","title":{"rendered":"Kicillof aument\u00f3 el presupuesto universitario"},"content":{"rendered":"\n<h6 class=\"wp-block-heading\"><strong>Mediante un decreto, el Gobernador bonaerense anunci\u00f3 la suba de los fondos destinados al programa Puente. El gobierno provincial tambi\u00e9n inform\u00f3 que se subsidiar\u00e1 a municipios o a instituciones universitarias y de educaci\u00f3n superior.<\/strong><\/h6>\n\n\n\n<p>Mediante el Decreto 640\/24, el Gobernador de la provincia de Buenos Aires, Axel Kicillof, anunci\u00f3 el incremento de los fondos destinados al programa Puente, que est\u00e1 relacionado con el presupuesto universitario. La suba estar\u00e1 adecuada a la situaci\u00f3n inflacionaria que atraviesa el pa\u00eds.<\/p>\n\n\n\n<p>Adem\u00e1s, el gobierno provincial inform\u00f3 que brindar\u00e1 subsidios por 90 millones de pesos a municipios o instituciones universitarias y de educaci\u00f3n superior. La cifra representa un aumento del 500%, ya que anteriormente el l\u00edmite era cercano a los 15 millones. Cabe destacar que el Ministro de Gobierno, Carlos Blanco, estar\u00e1 habilitado para dar este beneficio para gastos corrientes y de capital.<\/p>\n\n\n\n<p>El programa Puentes cuenta con 56 municipios que adhirieron desde el comienzo de la pol\u00edtica universitaria en 2022 y lleva inaugurados 22 centros universitarios en toda la provincia de Buenos Aires.<\/p>\n\n\n\n<figure class=\"wp-block-embed is-type-wp-embed is-provider-sector-prensa wp-block-embed-sector-prensa\"><div class=\"wp-block-embed__wrapper\">\n<blockquote class=\"wp-embedded-content\" data-secret=\"UMNXiYRq7Q\"><a href=\"https:\/\/sectorprensa.com.ar\/?p=63819\">Anuncian un consorcio para gestionar la Autopista Presidente Per\u00f3n<\/a><\/blockquote><iframe loading=\"lazy\" class=\"wp-embedded-content\" sandbox=\"allow-scripts\" security=\"restricted\" style=\"position: absolute; clip: rect(1px, 1px, 1px, 1px);\" title=\"\u00abAnuncian un consorcio para gestionar la Autopista Presidente Per\u00f3n\u00bb \u2014 Sector Prensa\" src=\"https:\/\/sectorprensa.com.ar\/?p=63819&#038;embed=true#?secret=Dh7WtUuq6U#?secret=UMNXiYRq7Q\" data-secret=\"UMNXiYRq7Q\" width=\"600\" height=\"338\" frameborder=\"0\" marginwidth=\"0\" marginheight=\"0\" scrolling=\"no\"><\/iframe>\n<\/div><\/figure>\n","protected":false},"excerpt":{"rendered":"<p>Mediante un decreto, el Gobernador bonaerense anunci\u00f3 la suba de los fondos destinados al programa Puente. El gobierno provincial tambi\u00e9n<\/p>\n","protected":false},"author":5,"featured_media":63907,"comment_status":"closed","ping_status":"closed","sticky":false,"template":"","format":"standard","meta":{"colormag_page_container_layout":"default_layout","colormag_page_sidebar_layout":"default_layout","footnotes":""},"categories":[17,8,18],"tags":[3337,8803,2169],"class_list":["post-63906","post","type-post","status-publish","format-standard","has-post-thumbnail","hentry","category-destacadas","category-politica","category-provincia","tag-axel-kicillof","tag-programa-puente","tag-universidades"],"_links":{"self":[{"href":"https:\/\/sectorprensa.com.ar\/index.php?rest_route=\/wp\/v2\/posts\/63906","targetHints":{"allow":["GET"]}}],"collection":[{"href":"https:\/\/sectorprensa.com.ar\/index.php?rest_route=\/wp\/v2\/posts"}],"about":[{"href":"https:\/\/sectorprensa.com.ar\/index.php?rest_route=\/wp\/v2\/types\/post"}],"author":[{"embeddable":true,"href":"https:\/\/sectorprensa.com.ar\/index.php?rest_route=\/wp\/v2\/users\/5"}],"replies":[{"embeddable":true,"href":"https:\/\/sectorprensa.com.ar\/index.php?rest_route=%2Fwp%2Fv2%2Fcomments&post=63906"}],"version-history":[{"count":1,"href":"https:\/\/sectorprensa.com.ar\/index.php?rest_route=\/wp\/v2\/posts\/63906\/revisions"}],"predecessor-version":[{"id":63908,"href":"https:\/\/sectorprensa.com.ar\/index.php?rest_route=\/wp\/v2\/posts\/63906\/revisions\/63908"}],"wp:featuredmedia":[{"embeddable":true,"href":"https:\/\/sectorprensa.com.ar\/index.php?rest_route=\/wp\/v2\/media\/63907"}],"wp:attachment":[{"href":"https:\/\/sectorprensa.com.ar\/index.php?rest_route=%2Fwp%2Fv2%2Fmedia&parent=63906"}],"wp:term":[{"taxonomy":"category","embeddable":true,"href":"https:\/\/sectorprensa.com.ar\/index.php?rest_route=%2Fwp%2Fv2%2Fcategories&post=63906"},{"taxonomy":"post_tag","embeddable":true,"href":"https:\/\/sectorprensa.com.ar\/index.php?rest_route=%2Fwp%2Fv2%2Ftags&post=63906"}],"curies":[{"name":"wp","href":"https:\/\/api.w.org\/{rel}","templated":true}]}}