{"id":63910,"date":"2024-05-31T10:53:02","date_gmt":"2024-05-31T13:53:02","guid":{"rendered":"https:\/\/sectorprensa.com.ar\/?p=63910"},"modified":"2024-05-31T10:53:12","modified_gmt":"2024-05-31T13:53:12","slug":"bullrich-presento-las-pistolas-taser-que-seran-utilizadas-en-estaciones-seguras","status":"publish","type":"post","link":"https:\/\/sectorprensa.com.ar\/?p=63910","title":{"rendered":"Bullrich present\u00f3 las pistolas Taser que ser\u00e1n utilizadas en \u201cEstaciones Seguras\u201d"},"content":{"rendered":"\n<h6 class=\"wp-block-heading\"><strong>El programa tiene como objetivo prevenir los delitos dentro y fuera de las estaciones de trenes.<\/strong><\/h6>\n\n\n\n<p>La ministra de Seguridad de la Naci\u00f3n, Patricia Bullrich, junto con el Secretario de Trasporte, Franco Mogetta y el secretario de Seguridad, Vicente Ventura Barreiro, present\u00f3 las pistolas Taser, las cuales ser\u00e1n incorporadas al programa \u201cEstaciones Seguras\u201d que tiene como objetivo prevenir los delitos dentro y fuera de las estaciones de trenes.<\/p>\n\n\n\n<p>\u201cHoy damos un paso m\u00e1s para que los argentinos que viajan todos los d\u00edas en tren puedan hacerlo sin tener miedo de ser v\u00edctimas de alg\u00fan delito mientras van a su trabajo o regresan a su casa. Venimos trabajando en conjunto con la Polic\u00eda Federal y la Secretar\u00eda de Transporte de la Naci\u00f3n en el programa Estaciones Seguras, con el objetivo de evitar robos, arrebatos, situaciones de acoso o venta de drogas, delitos que tienen lugar en las cercan\u00edas de las estaciones y en los trenes mismos\u201d, expres\u00f3 Bullrich en su discurso.<\/p>\n\n\n\n<p>En la presentaci\u00f3n de las Taser, la ministra indic\u00f3: \u201cEs una herramienta que nos permite ir directamente a la persona que se quiere inmovilizar. A diferencia de un arma 9 mm, una Taser no genera una situaci\u00f3n que puede traer consecuencias no deseadas. La PFA va a poder trabajar con un arma moderna, este es el \u00faltimo modelo de las Tasers que han venido. Se cambi\u00f3 el modelo del 2019 porque quedaron obsoletas. Este nuevo modelo conjuga c\u00e1maras que ser\u00e1n monitoreadas en el Centro de Comando y Control\u201d.<\/p>\n\n\n\n<blockquote class=\"twitter-tweet\" data-media-max-width=\"560\"><p lang=\"es\" dir=\"ltr\">\ud83d\udea8 Patricia Bullrich entreg\u00f3 m\u00e1s de 100 taser a la Polic\u00eda Federal <br><br>\u2705Explico su funcionamiento e implementaci\u00f3n.<a href=\"https:\/\/twitter.com\/hashtag\/ahora?src=hash&amp;ref_src=twsrc%5Etfw\">#ahora<\/a> <a href=\"https:\/\/twitter.com\/hashtag\/news?src=hash&amp;ref_src=twsrc%5Etfw\">#news<\/a> <a href=\"https:\/\/twitter.com\/hashtag\/Noticias?src=hash&amp;ref_src=twsrc%5Etfw\">#Noticias<\/a> <a href=\"https:\/\/twitter.com\/hashtag\/libertad?src=hash&amp;ref_src=twsrc%5Etfw\">#libertad<\/a> <a href=\"https:\/\/t.co\/2D0DeiMKm3\">pic.twitter.com\/2D0DeiMKm3<\/a><\/p>&mdash; Tv P\u00fablica Libertaria (@Tv_Libertaria) <a href=\"https:\/\/twitter.com\/Tv_Libertaria\/status\/1796339409819926821?ref_src=twsrc%5Etfw\">May 31, 2024<\/a><\/blockquote> <script async src=\"https:\/\/platform.twitter.com\/widgets.js\" charset=\"utf-8\"><\/script>\n\n\n\n<p>Asimismo, el Programa Estaciones Seguras dispone que, en la zona de molinetes, habr\u00e1 polic\u00edas que en sus celulares tendr\u00e1n acceso al sistema de SIFCOP \u2013que es el Sistema Federal de Comunicaciones Policiales-, donde podr\u00e1n consultar si una persona tiene pedido de captura o alguna medida restrictiva. La combinaci\u00f3n del monitoreo a trav\u00e9s de una herramienta como el SIFCOP, m\u00e1s las pistolas no letales, ser\u00e1 de suma importancia para mantener el orden y prevenir el delito en las l\u00edneas de trenes que transportan m\u00e1s de 30 millones de personas por mes.<\/p>\n\n\n\n<p>En la jornada, llevada a cabo en la Escuela de Cadetes de Polic\u00eda Federal \u201cJuan \u00c1ngel Pirker\u201d, ubicada en el barrio porte\u00f1o de Villa Lugano, Bullrich estuvo acompa\u00f1ada por el Jefe de la PFA, comisario General Luis Alejandro Rolle, el Subjefe, comisario General Mariano Jos\u00e9 Giuffra; el presidente de Trenes Argentinos, Luis Adri\u00e1n Luque; el subsecretario de Trasporte Ferroviario; Mart\u00edn Ferreyro, el Comisario General de la Superintendencia de Transporte, Marcelo Farias; el sub secretario de Despliegue Territorial, Mat\u00edas Ojeda; el director Nacional de Operaciones y Despliegue Territorial, Martin Culatto; el director de Protecci\u00f3n Ciudadana, Prefecto General Julio C\u00e9sar Mostaf\u00e1, el director General de Operaciones, Comandante General D An\u00edbal Ariel Bronzetti y el Comisionado General Pablo G\u00f3mez Durquet.<\/p>\n\n\n\n<p>\u201cEstamos orgullosos de poder incorporar esta arma despu\u00e9s de muchos a\u00f1os de discusi\u00f3n en la Argentina. Discusiones que hoy nos llevan a tener estas armas en trenes. Luego seguiremos por otros lugares, ya han visto hace poco la incorporaci\u00f3n del modelo de armas BYRNA en la Polic\u00eda de Seguridad Aeroportuaria, y dentro de poco tenemos otra sorpresa pero todav\u00eda no se las vamos a contar\u201d, concluy\u00f3 la ministra.<\/p>\n\n\n\n<figure class=\"wp-block-embed is-type-wp-embed is-provider-sector-prensa wp-block-embed-sector-prensa\"><div class=\"wp-block-embed__wrapper\">\n<blockquote class=\"wp-embedded-content\" data-secret=\"5OhTVqSUQY\"><a href=\"https:\/\/sectorprensa.com.ar\/?p=63865\">Cay\u00f3 en Moreno Abel Guzm\u00e1n, el peluquero que mat\u00f3 a un compa\u00f1ero en Recoleta<\/a><\/blockquote><iframe loading=\"lazy\" class=\"wp-embedded-content\" sandbox=\"allow-scripts\" security=\"restricted\" style=\"position: absolute; clip: rect(1px, 1px, 1px, 1px);\" title=\"\u00abCay\u00f3 en Moreno Abel Guzm\u00e1n, el peluquero que mat\u00f3 a un compa\u00f1ero en Recoleta\u00bb \u2014 Sector Prensa\" src=\"https:\/\/sectorprensa.com.ar\/?p=63865&#038;embed=true#?secret=MjGJT7x58I#?secret=5OhTVqSUQY\" data-secret=\"5OhTVqSUQY\" width=\"600\" height=\"338\" frameborder=\"0\" marginwidth=\"0\" marginheight=\"0\" scrolling=\"no\"><\/iframe>\n<\/div><\/figure>\n","protected":false},"excerpt":{"rendered":"<p>El programa tiene como objetivo prevenir los delitos dentro y fuera de las estaciones de trenes. La ministra de Seguridad<\/p>\n","protected":false},"author":6,"featured_media":63911,"comment_status":"closed","ping_status":"closed","sticky":false,"template":"","format":"standard","meta":{"colormag_page_container_layout":"default_layout","colormag_page_sidebar_layout":"default_layout","footnotes":""},"categories":[17,10],"tags":[195,7784],"class_list":["post-63910","post","type-post","status-publish","format-standard","has-post-thumbnail","hentry","category-destacadas","category-sociedad","tag-patricia-bullrich","tag-pistolas-taser"],"_links":{"self":[{"href":"https:\/\/sectorprensa.com.ar\/index.php?rest_route=\/wp\/v2\/posts\/63910","targetHints":{"allow":["GET"]}}],"collection":[{"href":"https:\/\/sectorprensa.com.ar\/index.php?rest_route=\/wp\/v2\/posts"}],"about":[{"href":"https:\/\/sectorprensa.com.ar\/index.php?rest_route=\/wp\/v2\/types\/post"}],"author":[{"embeddable":true,"href":"https:\/\/sectorprensa.com.ar\/index.php?rest_route=\/wp\/v2\/users\/6"}],"replies":[{"embeddable":true,"href":"https:\/\/sectorprensa.com.ar\/index.php?rest_route=%2Fwp%2Fv2%2Fcomments&post=63910"}],"version-history":[{"count":2,"href":"https:\/\/sectorprensa.com.ar\/index.php?rest_route=\/wp\/v2\/posts\/63910\/revisions"}],"predecessor-version":[{"id":63913,"href":"https:\/\/sectorprensa.com.ar\/index.php?rest_route=\/wp\/v2\/posts\/63910\/revisions\/63913"}],"wp:featuredmedia":[{"embeddable":true,"href":"https:\/\/sectorprensa.com.ar\/index.php?rest_route=\/wp\/v2\/media\/63911"}],"wp:attachment":[{"href":"https:\/\/sectorprensa.com.ar\/index.php?rest_route=%2Fwp%2Fv2%2Fmedia&parent=63910"}],"wp:term":[{"taxonomy":"category","embeddable":true,"href":"https:\/\/sectorprensa.com.ar\/index.php?rest_route=%2Fwp%2Fv2%2Fcategories&post=63910"},{"taxonomy":"post_tag","embeddable":true,"href":"https:\/\/sectorprensa.com.ar\/index.php?rest_route=%2Fwp%2Fv2%2Ftags&post=63910"}],"curies":[{"name":"wp","href":"https:\/\/api.w.org\/{rel}","templated":true}]}}