{"id":63914,"date":"2024-05-31T11:08:26","date_gmt":"2024-05-31T14:08:26","guid":{"rendered":"https:\/\/sectorprensa.com.ar\/?p=63914"},"modified":"2024-05-31T11:08:37","modified_gmt":"2024-05-31T14:08:37","slug":"los-aumentos-que-llegan-en-juniolos-aumentos-que-llegan-en-junio","status":"publish","type":"post","link":"https:\/\/sectorprensa.com.ar\/?p=63914","title":{"rendered":"Los aumentos que llegan en junio"},"content":{"rendered":"\n<h6 class=\"wp-block-heading\"><strong>Se vienen subas en la nafta, el subte, las prepagas, la energ\u00eda y el gas, entre otros. Tambi\u00e9n se ajustar\u00e1n los servicios dom\u00e9sticos.<\/strong><\/h6>\n\n\n\n<p>Para el mes de junio se esperan una serie de aumentos sobre servicios que afectar\u00e1n al bolsillo de los ciudadanos argentinos en medio del contexto inflacionario que atraviesa el pa\u00eds. A continuaci\u00f3n, los detalles.<\/p>\n\n\n\n<p><strong>Nafta:<\/strong> el Poder Ejecutivo decidi\u00f3 aumentar los impuestos a los combustibles l\u00edquidos (ICL) y al di\u00f3xido de carbono (IDC) en el marco de una actualizaci\u00f3n sobre los mismos a partir del 1\u00ba de junio y representa un 1,2%, mientras que en julio volver\u00eda a incrementar el tributo. En este sentido, la suba se trasladar\u00e1 luego al precio del litro de nafta y gasoil, que ser\u00e1 del 1,2% y 1% respectivamente.<\/p>\n\n\n\n<p><strong>Peajes: <\/strong>el cuadro tarifario que se aplicar\u00e1 en las autopistas de la Ciudad Aut\u00f3noma de Buenos Aires tiene un aumento del 35% y superar\u00e1 los $3.000 para veh\u00edculos particulares en hora pico. Cabe recordar que esta medida se suma a un aumento del 150% en mayo.<\/p>\n\n\n\n<p><strong>Alquileres:<\/strong> los contratos que hayan sido firmados en el marco de la Ley de Alquileres tendr\u00e1n un aumento del 233,7% en junio porque corresponde la actualizaci\u00f3n del precio anual a trav\u00e9s del \u00cdndice de Contratos de Locaci\u00f3n (ICL). Dicho procedimiento se debe cumplir hasta terminar el contrato, aunque la norma haya sido derogada por Javier Milei. La disposici\u00f3n alcanza a los alquileres iniciados entre el 1\u00ba de julio del 2020 y el 17 de octubre del 2023.<\/p>\n\n\n\n<p><strong>Cable y telefon\u00eda:<\/strong> las empresas aumentar\u00e1n las tarifas entre un 8 y 20% seg\u00fan el servicio y la operadora en cuesti\u00f3n para actualizar los valores de 2024.<\/p>\n\n\n\n<p><strong>Prepagas:<\/strong> Dado que la C\u00e1mara Nacional de Apelaciones en lo Civil y Comercial Federal les orden\u00f3 a dos prepagas, con medidas cautelares, que recalculen sus cuotas de forma que los incrementos mensuales vayan en l\u00ednea con los \u00edndices de inflaci\u00f3n, se espera que en el mes lleguen ajustes del \u00faltimo valor arrojado por el Indec en abril, del 8,8%. Esto es porque los ajustes se dan seg\u00fan el IPC de dos meses antes.<\/p>\n\n\n\n<p><strong>Luz y gas:<\/strong> en medio del plan de transici\u00f3n del Gobierno para avanzar con la quita de subsidios de luz y gas de los hogares de ingresos medios y bajos, en junio se determin\u00f3 que los hogares de los niveles 2 y 3 no recibir\u00e1n m\u00e1s el soporte econ\u00f3mico para la electricidad. Sin embargo, no se confirm\u00f3 cu\u00e1l ser\u00e1 la suba.<\/p>\n\n\n\n<p><strong>Personal de casas particulares:<\/strong> desde la Comisi\u00f3n de Trabajo en Casas Particulares confirmaron un aumento sobre las remuneraciones m\u00ednimas que se dividi\u00f3 en dos cuotas: una de 11% en abril y otra de 7% en mayo que no se acumula y que se pagar\u00e1 en los primeros d\u00edas de junio.<\/p>\n\n\n\n<p><strong>Subte: <\/strong>el boleto aumenta a $650 este 1 de junio, pese a la decisi\u00f3n de la Justicia de retrotraer el precio a $125, ya que el fallo se aplicar\u00eda a partir de la semana que viene, aunque la Ciudad anunci\u00f3 la intenci\u00f3n de apelarlo.<\/p>\n\n\n\n<figure class=\"wp-block-embed is-type-wp-embed is-provider-sector-prensa wp-block-embed-sector-prensa\"><div class=\"wp-block-embed__wrapper\">\n<blockquote class=\"wp-embedded-content\" data-secret=\"exlOoBmarv\"><a href=\"https:\/\/sectorprensa.com.ar\/?p=63906\">Kicillof aument\u00f3 el presupuesto universitario<\/a><\/blockquote><iframe loading=\"lazy\" class=\"wp-embedded-content\" sandbox=\"allow-scripts\" security=\"restricted\" style=\"position: absolute; clip: rect(1px, 1px, 1px, 1px);\" title=\"\u00abKicillof aument\u00f3 el presupuesto universitario\u00bb \u2014 Sector Prensa\" src=\"https:\/\/sectorprensa.com.ar\/?p=63906&#038;embed=true#?secret=SinjzuG3LJ#?secret=exlOoBmarv\" data-secret=\"exlOoBmarv\" width=\"600\" height=\"338\" frameborder=\"0\" marginwidth=\"0\" marginheight=\"0\" scrolling=\"no\"><\/iframe>\n<\/div><\/figure>\n","protected":false},"excerpt":{"rendered":"<p>Se vienen subas en la nafta, el subte, las prepagas, la energ\u00eda y el gas, entre otros. Tambi\u00e9n se ajustar\u00e1n<\/p>\n","protected":false},"author":6,"featured_media":63915,"comment_status":"closed","ping_status":"closed","sticky":false,"template":"","format":"standard","meta":{"colormag_page_container_layout":"default_layout","colormag_page_sidebar_layout":"default_layout","footnotes":""},"categories":[17,10],"tags":[1435,5564],"class_list":["post-63914","post","type-post","status-publish","format-standard","has-post-thumbnail","hentry","category-destacadas","category-sociedad","tag-aumentos","tag-economia"],"_links":{"self":[{"href":"https:\/\/sectorprensa.com.ar\/index.php?rest_route=\/wp\/v2\/posts\/63914","targetHints":{"allow":["GET"]}}],"collection":[{"href":"https:\/\/sectorprensa.com.ar\/index.php?rest_route=\/wp\/v2\/posts"}],"about":[{"href":"https:\/\/sectorprensa.com.ar\/index.php?rest_route=\/wp\/v2\/types\/post"}],"author":[{"embeddable":true,"href":"https:\/\/sectorprensa.com.ar\/index.php?rest_route=\/wp\/v2\/users\/6"}],"replies":[{"embeddable":true,"href":"https:\/\/sectorprensa.com.ar\/index.php?rest_route=%2Fwp%2Fv2%2Fcomments&post=63914"}],"version-history":[{"count":2,"href":"https:\/\/sectorprensa.com.ar\/index.php?rest_route=\/wp\/v2\/posts\/63914\/revisions"}],"predecessor-version":[{"id":63917,"href":"https:\/\/sectorprensa.com.ar\/index.php?rest_route=\/wp\/v2\/posts\/63914\/revisions\/63917"}],"wp:featuredmedia":[{"embeddable":true,"href":"https:\/\/sectorprensa.com.ar\/index.php?rest_route=\/wp\/v2\/media\/63915"}],"wp:attachment":[{"href":"https:\/\/sectorprensa.com.ar\/index.php?rest_route=%2Fwp%2Fv2%2Fmedia&parent=63914"}],"wp:term":[{"taxonomy":"category","embeddable":true,"href":"https:\/\/sectorprensa.com.ar\/index.php?rest_route=%2Fwp%2Fv2%2Fcategories&post=63914"},{"taxonomy":"post_tag","embeddable":true,"href":"https:\/\/sectorprensa.com.ar\/index.php?rest_route=%2Fwp%2Fv2%2Ftags&post=63914"}],"curies":[{"name":"wp","href":"https:\/\/api.w.org\/{rel}","templated":true}]}}