{"id":63918,"date":"2024-06-01T09:07:47","date_gmt":"2024-06-01T12:07:47","guid":{"rendered":"https:\/\/sectorprensa.com.ar\/?p=63918"},"modified":"2024-06-01T09:07:48","modified_gmt":"2024-06-01T12:07:48","slug":"desde-la-asuncion-de-milei-fueron-despedidos-alrededor-de-20-mil-empleados-publicos","status":"publish","type":"post","link":"https:\/\/sectorprensa.com.ar\/?p=63918","title":{"rendered":"Desde la asunci\u00f3n de Milei, fueron despedidos alrededor de 20 mil empleados p\u00fablicos"},"content":{"rendered":"\n<h6 class=\"wp-block-heading\"><strong>La cifra fue publicada por el INDEC, que revel\u00f3 que en diciembre hab\u00eda casi 341.500, el mes se redujo a poco m\u00e1s de 322 mil. El mayor recorte se produjo en la administraci\u00f3n nacional.<\/strong><\/h6>\n\n\n\n<p>El INDEC dio a conocer en las \u00faltimas horas que cerca de 20 mil empleados p\u00fablicos fueron despedidos desde que asumi\u00f3 Javier Milei a la presidencia. La cifra en diciembre era 341.473, mientras que el mes pasado se recort\u00f3 a 322.250.<\/p>\n\n\n\n<p>Los n\u00fameros registran que desde que el Presidente asumi\u00f3 su cargo, el 10 de diciembre de 2023, se despidieron un total de 19.223 personas que trabajaban para el Estado. Cabe destacar, el jefe de Estado hab\u00eda anunciado que el achicamiento iba a formar parte de sus pol\u00edticas.<\/p>\n\n\n\n<p>Cabe destacar, el mayor recorte se llev\u00f3 a cabo en la administraci\u00f3n nacional, con casi 15 mil empleados. Por otra parte, se redujo en casi 4 mil a los trabajadores de empresas y sociedades del gobierno, pasaron de 110.168 a 106.349.<\/p>\n\n\n\n<figure class=\"wp-block-embed is-type-wp-embed is-provider-sector-prensa wp-block-embed-sector-prensa\"><div class=\"wp-block-embed__wrapper\">\n<blockquote class=\"wp-embedded-content\" data-secret=\"t3LKOX23kT\"><a href=\"https:\/\/sectorprensa.com.ar\/?p=63880\">\u00abVa a llegar un momento en que la gente va a decidir alguna manera para no morirse de hambre\u00bb<\/a><\/blockquote><iframe loading=\"lazy\" class=\"wp-embedded-content\" sandbox=\"allow-scripts\" security=\"restricted\" style=\"position: absolute; clip: rect(1px, 1px, 1px, 1px);\" title=\"\u00ab\u00abVa a llegar un momento en que la gente va a decidir alguna manera para no morirse de hambre\u00bb\u00bb \u2014 Sector Prensa\" src=\"https:\/\/sectorprensa.com.ar\/?p=63880&#038;embed=true#?secret=JrXGz8vn3C#?secret=t3LKOX23kT\" data-secret=\"t3LKOX23kT\" width=\"600\" height=\"338\" frameborder=\"0\" marginwidth=\"0\" marginheight=\"0\" scrolling=\"no\"><\/iframe>\n<\/div><\/figure>\n","protected":false},"excerpt":{"rendered":"<p>La cifra fue publicada por el INDEC, que revel\u00f3 que en diciembre hab\u00eda casi 341.500, el mes se redujo a<\/p>\n","protected":false},"author":5,"featured_media":63919,"comment_status":"closed","ping_status":"closed","sticky":false,"template":"","format":"standard","meta":{"colormag_page_container_layout":"default_layout","colormag_page_sidebar_layout":"default_layout","footnotes":""},"categories":[6828,8],"tags":[8804,3625,6221],"class_list":["post-63918","post","type-post","status-publish","format-standard","has-post-thumbnail","hentry","category-mas-destacadas","category-politica","tag-empleados-publicos","tag-indec","tag-javier-milei"],"_links":{"self":[{"href":"https:\/\/sectorprensa.com.ar\/index.php?rest_route=\/wp\/v2\/posts\/63918","targetHints":{"allow":["GET"]}}],"collection":[{"href":"https:\/\/sectorprensa.com.ar\/index.php?rest_route=\/wp\/v2\/posts"}],"about":[{"href":"https:\/\/sectorprensa.com.ar\/index.php?rest_route=\/wp\/v2\/types\/post"}],"author":[{"embeddable":true,"href":"https:\/\/sectorprensa.com.ar\/index.php?rest_route=\/wp\/v2\/users\/5"}],"replies":[{"embeddable":true,"href":"https:\/\/sectorprensa.com.ar\/index.php?rest_route=%2Fwp%2Fv2%2Fcomments&post=63918"}],"version-history":[{"count":1,"href":"https:\/\/sectorprensa.com.ar\/index.php?rest_route=\/wp\/v2\/posts\/63918\/revisions"}],"predecessor-version":[{"id":63920,"href":"https:\/\/sectorprensa.com.ar\/index.php?rest_route=\/wp\/v2\/posts\/63918\/revisions\/63920"}],"wp:featuredmedia":[{"embeddable":true,"href":"https:\/\/sectorprensa.com.ar\/index.php?rest_route=\/wp\/v2\/media\/63919"}],"wp:attachment":[{"href":"https:\/\/sectorprensa.com.ar\/index.php?rest_route=%2Fwp%2Fv2%2Fmedia&parent=63918"}],"wp:term":[{"taxonomy":"category","embeddable":true,"href":"https:\/\/sectorprensa.com.ar\/index.php?rest_route=%2Fwp%2Fv2%2Fcategories&post=63918"},{"taxonomy":"post_tag","embeddable":true,"href":"https:\/\/sectorprensa.com.ar\/index.php?rest_route=%2Fwp%2Fv2%2Ftags&post=63918"}],"curies":[{"name":"wp","href":"https:\/\/api.w.org\/{rel}","templated":true}]}}