{"id":63967,"date":"2024-06-03T12:22:00","date_gmt":"2024-06-03T15:22:00","guid":{"rendered":"https:\/\/sectorprensa.com.ar\/?p=63967"},"modified":"2024-06-03T17:27:23","modified_gmt":"2024-06-03T20:27:23","slug":"deportivo-moron-cayo-y-no-logra-afianzarse-en-puestos-de-reducido","status":"publish","type":"post","link":"https:\/\/sectorprensa.com.ar\/?p=63967","title":{"rendered":"Deportivo Mor\u00f3n cay\u00f3 y no logra afianzarse en puestos de reducido"},"content":{"rendered":"\n<h6 class=\"wp-block-heading\"><strong>El Gallo, que ven\u00eda de ganarle el cl\u00e1sico a Nueva Chicago, cay\u00f3 ante San Miguel por 1 a 0 como local.<\/strong><\/h6>\n\n\n\n<p>El envi\u00f3n de la victoria en el cl\u00e1sico ante Nueva Chicago no parece haber surtido efecto en Deportivo Mor\u00f3n. En el encuentro correspondiente a la jornada 18 de la Zona B de la Primera Nacional, cay\u00f3 ante San Miguel por 1 a 0 en el Nuevo Francisco Urbano.<\/p>\n\n\n\n<p>En la primera parte ambos equipos se prestaron la pelota y les cost\u00f3 generar juego. Hasta que a los 39 minutos, el arquero Joaqu\u00edn Pucheta jug\u00f3 un tiro libre desde su \u00e1rea y asisti\u00f3 a Nahuel Luj\u00e1n, quien se desprendi\u00f3 y marc\u00f3 para el Trueno Verde.<\/p>\n\n\n\n<p>El Gallo no logr\u00f3 revertir ni el resultado ni su juego en el complemento, incluso la visita tuvo una ocasi\u00f3n de estirar la diferencia. Luego de un remate en el palo, Juan Mart\u00edn Rojas evit\u00f3 que Facundo Melivilo convierta el segundo.<\/p>\n\n\n\n<p>El equipo que dirige Sergio Achaval no encuentra regularidad y no consigue acercarse a puestos de reducido, hoy se ubica 13\u00b0 con 22 unidades, a cuatro de la zona mencionada. El pr\u00f3ximo s\u00e1bado a las 19:30hs, visitar\u00e1 a Temperley.<\/p>\n\n\n\n<p><strong>FOTO: Prensa Deportivo Mor\u00f3n<\/strong><\/p>\n","protected":false},"excerpt":{"rendered":"<p>El Gallo, que ven\u00eda de ganarle el cl\u00e1sico a Nueva Chicago, cay\u00f3 ante San Miguel por 1 a 0 como<\/p>\n","protected":false},"author":5,"featured_media":63968,"comment_status":"closed","ping_status":"closed","sticky":false,"template":"","format":"standard","meta":{"colormag_page_container_layout":"default_layout","colormag_page_sidebar_layout":"default_layout","footnotes":""},"categories":[11],"tags":[55,3397],"class_list":["post-63967","post","type-post","status-publish","format-standard","has-post-thumbnail","hentry","category-deportes","tag-deportivo-moron","tag-primera-nacional"],"_links":{"self":[{"href":"https:\/\/sectorprensa.com.ar\/index.php?rest_route=\/wp\/v2\/posts\/63967","targetHints":{"allow":["GET"]}}],"collection":[{"href":"https:\/\/sectorprensa.com.ar\/index.php?rest_route=\/wp\/v2\/posts"}],"about":[{"href":"https:\/\/sectorprensa.com.ar\/index.php?rest_route=\/wp\/v2\/types\/post"}],"author":[{"embeddable":true,"href":"https:\/\/sectorprensa.com.ar\/index.php?rest_route=\/wp\/v2\/users\/5"}],"replies":[{"embeddable":true,"href":"https:\/\/sectorprensa.com.ar\/index.php?rest_route=%2Fwp%2Fv2%2Fcomments&post=63967"}],"version-history":[{"count":1,"href":"https:\/\/sectorprensa.com.ar\/index.php?rest_route=\/wp\/v2\/posts\/63967\/revisions"}],"predecessor-version":[{"id":63969,"href":"https:\/\/sectorprensa.com.ar\/index.php?rest_route=\/wp\/v2\/posts\/63967\/revisions\/63969"}],"wp:featuredmedia":[{"embeddable":true,"href":"https:\/\/sectorprensa.com.ar\/index.php?rest_route=\/wp\/v2\/media\/63968"}],"wp:attachment":[{"href":"https:\/\/sectorprensa.com.ar\/index.php?rest_route=%2Fwp%2Fv2%2Fmedia&parent=63967"}],"wp:term":[{"taxonomy":"category","embeddable":true,"href":"https:\/\/sectorprensa.com.ar\/index.php?rest_route=%2Fwp%2Fv2%2Fcategories&post=63967"},{"taxonomy":"post_tag","embeddable":true,"href":"https:\/\/sectorprensa.com.ar\/index.php?rest_route=%2Fwp%2Fv2%2Ftags&post=63967"}],"curies":[{"name":"wp","href":"https:\/\/api.w.org\/{rel}","templated":true}]}}