{"id":63980,"date":"2024-06-04T08:58:15","date_gmt":"2024-06-04T11:58:15","guid":{"rendered":"https:\/\/sectorprensa.com.ar\/?p=63980"},"modified":"2024-06-04T08:58:16","modified_gmt":"2024-06-04T11:58:16","slug":"tres-de-febrero-un-policia-esta-vivo-de-milagro-tras-ser-baleado-en-un-robo","status":"publish","type":"post","link":"https:\/\/sectorprensa.com.ar\/?p=63980","title":{"rendered":"Tres de Febrero: un polic\u00eda est\u00e1 vivo de milagro tras ser baleado en un robo"},"content":{"rendered":"\n<h6 class=\"wp-block-heading\"><strong>El oficial de la Polic\u00eda de la Ciudad trabajaba como chofer de una aplicaci\u00f3n de viajes en el momento del robo. Tras resistirse, recibi\u00f3 disparos en las piernas y en el brazo izquierdo.<\/strong><\/h6>\n\n\n\n<p>Un oficial de la Polic\u00eda de la Ciudad fue herido en un brazo y en ambas piernas por disparos de arma de fuego, en un hecho ocurrido en la madrugada del lunes en el barrio El Libertador, en el partido de Tres de Febrero.<\/p>\n\n\n\n<p>El oficial, quien se desempe\u00f1a en la Comisar\u00eda Vecinal 3 B de la Polic\u00eda de la Ciudad fue trasladado al hospital Boccalandro, en Loma Hermosa.<\/p>\n\n\n\n<p>Vecinos del oficial escucharon detonaciones de armas de fuego y al salir a la calle en Uspallata y Salguero, en El Libertador, vieron al efectivo dentro de un auto con heridas en las piernas y en el brazo izquierdo, por lo cual lo llevaron en auto junto a su esposa hasta el hospital Boccalandro. Ya fue trasladado al Churruca, en Parque Patricios, donde se recupera.<\/p>\n\n\n\n<figure class=\"wp-block-embed is-type-rich is-provider-twitter wp-block-embed-twitter\"><div class=\"wp-block-embed__wrapper\">\n<blockquote class=\"twitter-tweet\" data-width=\"550\" data-dnt=\"true\"><p lang=\"es\" dir=\"ltr\">BALEARON A UN POLIC\u00cdA DE LA CIUDAD EN TRES DE FEBRERO <br><br>Otra vez un polic\u00eda de la Ciudad fue baleado en la provincia de Buenos Aires, en la localidad de Tres de Febrero.<br><br>Esto no puede seguir sucediendo.<br><br>El oficial Cristian Jes\u00fas Moreno fue trasladado al Hospital Churruca en la\u2026<\/p>&mdash; Jorge Macri (@jorgemacri) <a href=\"https:\/\/twitter.com\/jorgemacri\/status\/1797729434604023896?ref_src=twsrc%5Etfw\">June 3, 2024<\/a><\/blockquote><script async src=\"https:\/\/platform.twitter.com\/widgets.js\" charset=\"utf-8\"><\/script>\n<\/div><\/figure>\n\n\n\n<p>Fuentes policiales informaron que el oficial se hab\u00eda dirigido a dicho lugar a recoger a un pasajero que pidi\u00f3 un auto en una aplicaci\u00f3n de viajes. En ese momento, fue sorprendido por tres delincuentes que lo golpearon y le sustrajeron el arma reglamentaria Pietro Beretta.<\/p>\n\n\n\n<p>Interviene la UFI 5 de Tres de Febrero, que labr\u00f3 actuaciones por robo a mano armada.<\/p>\n\n\n\n<p>El hecho fue denunciado por el jefe de gobierno porte\u00f1o Jorge Macri en su cuenta de la red social X. \u201cOtra vez un polic\u00eda de la Ciudad fue baleado en la provincia de Buenos Aires, en la localidad de Tres de Febrero\u201d, afirm\u00f3.<\/p>\n\n\n\n<p>Y concluy\u00f3: \u201cEsto no puede seguir sucediendo. El oficial Cristian Jes\u00fas Moreno fue trasladado al Hospital Churruca en la Ciudad para su recuperaci\u00f3n. Estamos junto a \u00e9l y su familia\u201d.<\/p>\n\n\n\n<p>Foto: Mi peri\u00f3dico<\/p>\n\n\n\n<figure class=\"wp-block-embed is-type-wp-embed is-provider-sector-prensa wp-block-embed-sector-prensa\"><div class=\"wp-block-embed__wrapper\">\n<blockquote class=\"wp-embedded-content\" data-secret=\"naL1SZagFf\"><a href=\"https:\/\/sectorprensa.com.ar\/?p=63950\">De milagro no ocurri\u00f3 una tragedia: se incendi\u00f3 el Hogar Mart\u00edn Rodr\u00edguez en Ituzaing\u00f3<\/a><\/blockquote><iframe loading=\"lazy\" class=\"wp-embedded-content\" sandbox=\"allow-scripts\" security=\"restricted\" style=\"position: absolute; clip: rect(1px, 1px, 1px, 1px);\" title=\"\u00abDe milagro no ocurri\u00f3 una tragedia: se incendi\u00f3 el Hogar Mart\u00edn Rodr\u00edguez en Ituzaing\u00f3\u00bb \u2014 Sector Prensa\" src=\"https:\/\/sectorprensa.com.ar\/?p=63950&#038;embed=true#?secret=3JfgkEhbzL#?secret=naL1SZagFf\" data-secret=\"naL1SZagFf\" width=\"600\" height=\"338\" frameborder=\"0\" marginwidth=\"0\" marginheight=\"0\" scrolling=\"no\"><\/iframe>\n<\/div><\/figure>\n","protected":false},"excerpt":{"rendered":"<p>El oficial de la Polic\u00eda de la Ciudad trabajaba como chofer de una aplicaci\u00f3n de viajes en el momento del<\/p>\n","protected":false},"author":6,"featured_media":63981,"comment_status":"closed","ping_status":"closed","sticky":false,"template":"","format":"standard","meta":{"colormag_page_container_layout":"default_layout","colormag_page_sidebar_layout":"default_layout","footnotes":""},"categories":[17,12],"tags":[165,2004,74,190],"class_list":["post-63980","post","type-post","status-publish","format-standard","has-post-thumbnail","hentry","category-destacadas","category-policiales","tag-delincuentes","tag-policia-de-la-ciudad","tag-robo","tag-tres-de-febrero"],"_links":{"self":[{"href":"https:\/\/sectorprensa.com.ar\/index.php?rest_route=\/wp\/v2\/posts\/63980","targetHints":{"allow":["GET"]}}],"collection":[{"href":"https:\/\/sectorprensa.com.ar\/index.php?rest_route=\/wp\/v2\/posts"}],"about":[{"href":"https:\/\/sectorprensa.com.ar\/index.php?rest_route=\/wp\/v2\/types\/post"}],"author":[{"embeddable":true,"href":"https:\/\/sectorprensa.com.ar\/index.php?rest_route=\/wp\/v2\/users\/6"}],"replies":[{"embeddable":true,"href":"https:\/\/sectorprensa.com.ar\/index.php?rest_route=%2Fwp%2Fv2%2Fcomments&post=63980"}],"version-history":[{"count":1,"href":"https:\/\/sectorprensa.com.ar\/index.php?rest_route=\/wp\/v2\/posts\/63980\/revisions"}],"predecessor-version":[{"id":63982,"href":"https:\/\/sectorprensa.com.ar\/index.php?rest_route=\/wp\/v2\/posts\/63980\/revisions\/63982"}],"wp:featuredmedia":[{"embeddable":true,"href":"https:\/\/sectorprensa.com.ar\/index.php?rest_route=\/wp\/v2\/media\/63981"}],"wp:attachment":[{"href":"https:\/\/sectorprensa.com.ar\/index.php?rest_route=%2Fwp%2Fv2%2Fmedia&parent=63980"}],"wp:term":[{"taxonomy":"category","embeddable":true,"href":"https:\/\/sectorprensa.com.ar\/index.php?rest_route=%2Fwp%2Fv2%2Fcategories&post=63980"},{"taxonomy":"post_tag","embeddable":true,"href":"https:\/\/sectorprensa.com.ar\/index.php?rest_route=%2Fwp%2Fv2%2Ftags&post=63980"}],"curies":[{"name":"wp","href":"https:\/\/api.w.org\/{rel}","templated":true}]}}