{"id":64010,"date":"2024-06-05T10:15:08","date_gmt":"2024-06-05T13:15:08","guid":{"rendered":"https:\/\/sectorprensa.com.ar\/?p=64010"},"modified":"2024-06-05T10:15:08","modified_gmt":"2024-06-05T13:15:08","slug":"kicillof-en-moreno-menosprecian-todo-lo-nacional-y-resaltan-unicamente-lo-importado","status":"publish","type":"post","link":"https:\/\/sectorprensa.com.ar\/?p=64010","title":{"rendered":"Kicillof en Moreno: \u201cMenosprecian todo lo nacional y resaltan \u00fanicamente lo importado\u201d"},"content":{"rendered":"\n<p><strong>El gobernador bonaerense encabez\u00f3 la reapertura del Museo \u201cFlorencio Molina Campos\u201d, establecimiento que tras haber estado cerrado durante 18 a\u00f1os, exhibir\u00e1 obras y objetos personales del destacado artista bonaerense.<\/strong><\/p>\n\n\n\n<p>El gobernador de la provincia de Buenos Aires, Axel Kicillof, encabez\u00f3 este martes en Moreno el acto de reapertura del Museo \u201cFlorencio Molina Campos\u201d, junto a la intendenta local, Mariel Fern\u00e1ndez; la presidenta del Instituto Cultural, Florencia Saintout; y el ministro de Trabajo, Walter Correa.<\/p>\n\n\n\n<p>Kicillof destac\u00f3 que \u201cla reapertura de este museo es producto de la inversi\u00f3n y el trabajo permanente que venimos haciendo para recuperar el patrimonio cultural de nuestra provincia\u201d. \u201cEste es un aporte muy importante para poner en valor a un artista central de nuestra historia como fue Molina Campos, un verdadero embajador de la cultura argentina\u201d, sostuvo.&nbsp;<\/p>\n\n\n\n<p>\u201cAqu\u00ed tenemos adem\u00e1s un gran ejemplo para la comunidad, ya que muchos vecinos y organizaciones se movilizaron para cuidar nuestro patrimonio cultural\u201d, expres\u00f3 el Gobernador e indic\u00f3: \u201cM\u00e1s all\u00e1 de las pol\u00edticas p\u00fablicas que llevamos adelante, hoy tenemos la tranquilidad de que cuando los y las bonaerenses creen que est\u00e1 en riesgo algo que les pertenece, luchan y se movilizan para defenderlo\u201d.\u00a0<\/p>\n\n\n\n<figure class=\"wp-block-embed is-type-rich is-provider-twitter wp-block-embed-twitter\"><div class=\"wp-block-embed__wrapper\">\n<blockquote class=\"twitter-tweet\" data-width=\"550\" data-dnt=\"true\"><p lang=\"es\" dir=\"ltr\">Esta reapertura es parte del trabajo, el esfuerzo y la inversi\u00f3n que venimos llevando adelante para poner en valor nuestro patrimonio cultural y tambi\u00e9n una muestra de lo que puede lograr el pueblo de la provincia cuando lucha de manera colectiva para defender lo que le\u2026 <a href=\"https:\/\/t.co\/bybEkVEn5z\">pic.twitter.com\/bybEkVEn5z<\/a><\/p>&mdash; Axel Kicillof (@Kicillofok) <a href=\"https:\/\/twitter.com\/Kicillofok\/status\/1798035495794143695?ref_src=twsrc%5Etfw\">June 4, 2024<\/a><\/blockquote><script async src=\"https:\/\/platform.twitter.com\/widgets.js\" charset=\"utf-8\"><\/script>\n<\/div><\/figure>\n\n\n\n<p>Tras haber estado 18 a\u00f1os cerrado, el museo municipal contar\u00e1 con m\u00e1s de mil objetos personales in\u00e9ditos y 132 obras del artista que fueron recuperadas por el Instituto Cultural. Para su puesta en funcionamiento, se realizaron tambi\u00e9n tareas de refacci\u00f3n que incluyeron la impermeabilizaci\u00f3n de cubierta; la reparaci\u00f3n de fisuras en revoques exteriores e interiores; la limpieza y pintura de muros; la colocaci\u00f3n de equipos de aire acondicionado y de un sistema de seguridad; y el reacondicionamiento de la instalaci\u00f3n el\u00e9ctrica, entre otras.<\/p>\n\n\n\n<p>En tanto, la intendenta Fern\u00e1ndez remarc\u00f3: \u201cJunto a la Provincia y con el acompa\u00f1amiento de la comunidad, realizamos un trabajo de recuperaci\u00f3n de las obras de Molina Campos para que todos nuestros vecinos y vecinas puedan disfrutar de este museo\u201d. \u201cApuntamos a revalorizar lo hecho por uno de los artistas populares m\u00e1s importantes de nuestro pa\u00eds, quien dio centralidad al trabajador rural y los paisajes de la provincia de Buenos Aires\u201d, agreg\u00f3.<\/p>\n\n\n\n<p>En el marco del proyecto dedicado a poner en valor la obra del dibujante bonaerense Molina Campos, el municipio lleva adelante tambi\u00e9n la restauraci\u00f3n del rancho \u00abLos Estribos\u00bb, escenario en el que se inspir\u00f3 para realizar gran parte de sus t\u00edpicos dibujos costumbristas de la pampa y del pa\u00eds.<\/p>\n\n\n\n<p>\u201cEn estos tiempos tan dif\u00edciles, hay que resaltar el trabajo tripartito que hicieron el Estado provincial, el municipal y las familias de Moreno con el objetivo de que este museo vuelva a ser de todos y todas\u201d, sostuvo Saintout y a\u00f1adi\u00f3: \u201cEste es un acto de reparaci\u00f3n, es volver a traer a Florencio Molina Campos a su lugar para poder mostrarlo a todo el mundo\u201d.<\/p>\n\n\n\n<p>Por \u00faltimo, Kicillof subray\u00f3: \u201cEn estos momentos en los que algunos sectores menosprecian todo lo nacional y resaltan \u00fanicamente lo importado, no hay nada mejor que homenajear a uno de los grandes exponentes de la cultura argentina y bonaerense\u201d.&nbsp;&nbsp;<\/p>\n\n\n\n<p>Participaron tambi\u00e9n la jefa de Asesores del Gobernador, Cristina \u00c1lvarez Rodr\u00edguez; el ministro de Justicia y Derechos Humanos, Juan Mart\u00edn Mena; el dirigente Leonardo Grosso; el nieto del artista, Gonzalo Gim\u00e9nez Molina; y funcionarios y funcionarias del Instituto Cultural.<\/p>\n\n\n\n<figure class=\"wp-block-embed is-type-wp-embed is-provider-sector-prensa wp-block-embed-sector-prensa\"><div class=\"wp-block-embed__wrapper\">\n<blockquote class=\"wp-embedded-content\" data-secret=\"Luy98WqtOm\"><a href=\"https:\/\/sectorprensa.com.ar\/?p=63946\">\u00abUna de cada cinco personas no puede comprar los medicamentos\u00bb<\/a><\/blockquote><iframe loading=\"lazy\" class=\"wp-embedded-content\" sandbox=\"allow-scripts\" security=\"restricted\" style=\"position: absolute; clip: rect(1px, 1px, 1px, 1px);\" title=\"\u00ab\u00abUna de cada cinco personas no puede comprar los medicamentos\u00bb\u00bb \u2014 Sector Prensa\" src=\"https:\/\/sectorprensa.com.ar\/?p=63946&#038;embed=true#?secret=WdMD7F5ZtC#?secret=Luy98WqtOm\" data-secret=\"Luy98WqtOm\" width=\"600\" height=\"338\" frameborder=\"0\" marginwidth=\"0\" marginheight=\"0\" scrolling=\"no\"><\/iframe>\n<\/div><\/figure>\n","protected":false},"excerpt":{"rendered":"<p>El gobernador bonaerense encabez\u00f3 la reapertura del Museo \u201cFlorencio Molina Campos\u201d, establecimiento que tras haber estado cerrado durante 18 a\u00f1os,<\/p>\n","protected":false},"author":6,"featured_media":64011,"comment_status":"closed","ping_status":"closed","sticky":false,"template":"","format":"standard","meta":{"colormag_page_container_layout":"default_layout","colormag_page_sidebar_layout":"default_layout","footnotes":""},"categories":[17,2154,8,10],"tags":[3337,2898,437,2043],"class_list":["post-64010","post","type-post","status-publish","format-standard","has-post-thumbnail","hentry","category-destacadas","category-moreno","category-politica","category-sociedad","tag-axel-kicillof","tag-mariel-fernandez","tag-moreno","tag-museo"],"_links":{"self":[{"href":"https:\/\/sectorprensa.com.ar\/index.php?rest_route=\/wp\/v2\/posts\/64010","targetHints":{"allow":["GET"]}}],"collection":[{"href":"https:\/\/sectorprensa.com.ar\/index.php?rest_route=\/wp\/v2\/posts"}],"about":[{"href":"https:\/\/sectorprensa.com.ar\/index.php?rest_route=\/wp\/v2\/types\/post"}],"author":[{"embeddable":true,"href":"https:\/\/sectorprensa.com.ar\/index.php?rest_route=\/wp\/v2\/users\/6"}],"replies":[{"embeddable":true,"href":"https:\/\/sectorprensa.com.ar\/index.php?rest_route=%2Fwp%2Fv2%2Fcomments&post=64010"}],"version-history":[{"count":1,"href":"https:\/\/sectorprensa.com.ar\/index.php?rest_route=\/wp\/v2\/posts\/64010\/revisions"}],"predecessor-version":[{"id":64012,"href":"https:\/\/sectorprensa.com.ar\/index.php?rest_route=\/wp\/v2\/posts\/64010\/revisions\/64012"}],"wp:featuredmedia":[{"embeddable":true,"href":"https:\/\/sectorprensa.com.ar\/index.php?rest_route=\/wp\/v2\/media\/64011"}],"wp:attachment":[{"href":"https:\/\/sectorprensa.com.ar\/index.php?rest_route=%2Fwp%2Fv2%2Fmedia&parent=64010"}],"wp:term":[{"taxonomy":"category","embeddable":true,"href":"https:\/\/sectorprensa.com.ar\/index.php?rest_route=%2Fwp%2Fv2%2Fcategories&post=64010"},{"taxonomy":"post_tag","embeddable":true,"href":"https:\/\/sectorprensa.com.ar\/index.php?rest_route=%2Fwp%2Fv2%2Ftags&post=64010"}],"curies":[{"name":"wp","href":"https:\/\/api.w.org\/{rel}","templated":true}]}}