{"id":64049,"date":"2024-06-05T23:27:23","date_gmt":"2024-06-06T02:27:23","guid":{"rendered":"https:\/\/sectorprensa.com.ar\/?p=64049"},"modified":"2024-06-05T23:27:23","modified_gmt":"2024-06-06T02:27:23","slug":"merlo-capacitacion-sobre-grooming","status":"publish","type":"post","link":"https:\/\/sectorprensa.com.ar\/?p=64049","title":{"rendered":"Merlo: capacitaci\u00f3n sobre Grooming"},"content":{"rendered":"\n<h6 class=\"wp-block-heading\"><strong>La jornada sobre el abuso infantil en las redes sociales se llev\u00f3 a cabo en el Teatro Municipal. Participaron docentes y autoridades educativas.<\/strong><\/h6>\n\n\n\n<p>En el Teatro Municipal de Merlo, con la presencia del Intendente Gustavo Men\u00e9ndez, se realiz\u00f3 una capacitaci\u00f3n para las instituciones sobre el Grooming, abuso infantil en las redes sociales. La jornada estuvo organizada por la Subsecretar\u00eda de Educaci\u00f3n.<\/p>\n\n\n\n<p>\u201cFue una charla muy productiva. Hay que continuar con las capacitaciones a docentes, directivos, y a las familias, para ayudar a prevenir algo que se profundiza y que es un peligro para nuestros j\u00f3venes y para nuestros ni\u00f1os\u201d, manifest\u00f3 el jefe comunal y agreg\u00f3 que \u201ccreemos que las escuelas es el mejor \u00e1mbito para educar y prevenir este tipo de situaciones. La fortaleza la podemos tener trabajando articuladamente con el Estado en todos sus niveles, con las escuelas y con la comunidad toda\u201d.<\/p>\n\n\n\n<p>Por su parte, la Secretaria de Cultura, Educaci\u00f3n, Deportes y Recreaci\u00f3n, Silvana Zahana, destac\u00f3 que en la actividad cuentan con m\u00e1s de 600 directivos, quienes deber\u00e1n \u00abreplicarlo en las instituciones educativas y llevar informaci\u00f3n y asesoramiento a las familias\u00bb.<\/p>\n\n\n\n<p>\u00abEs un problema social que nos preocupa y tenemos que tomar medidas para prevenir el acoso\u00bb, detall\u00f3 Zahana.<\/p>\n\n\n\n<p>La agente fiscal de la UFI N\u00b05 de Mor\u00f3n, Marisa Monti, subray\u00f3 que \u201cfue muy interesante porque pudimos exponer el trabajo que nosotros hacemos, donde intentamos alertar a los ni\u00f1os, ni\u00f1as y adolescentes que pueden ser v\u00edctimas de cyberbullying\u201d.<\/p>\n\n\n\n<figure class=\"wp-block-embed is-type-wp-embed is-provider-sector-prensa wp-block-embed-sector-prensa\"><div class=\"wp-block-embed__wrapper\">\n<blockquote class=\"wp-embedded-content\" data-secret=\"PU2gegfpTq\"><a href=\"https:\/\/sectorprensa.com.ar\/?p=63994\">Merlo: la Direcci\u00f3n de Derechos Humanos organiz\u00f3 una jornada sobre violencia institucional<\/a><\/blockquote><iframe loading=\"lazy\" class=\"wp-embedded-content\" sandbox=\"allow-scripts\" security=\"restricted\" style=\"position: absolute; clip: rect(1px, 1px, 1px, 1px);\" title=\"\u00abMerlo: la Direcci\u00f3n de Derechos Humanos organiz\u00f3 una jornada sobre violencia institucional\u00bb \u2014 Sector Prensa\" src=\"https:\/\/sectorprensa.com.ar\/?p=63994&#038;embed=true#?secret=q3mZcoBY45#?secret=PU2gegfpTq\" data-secret=\"PU2gegfpTq\" width=\"600\" height=\"338\" frameborder=\"0\" marginwidth=\"0\" marginheight=\"0\" scrolling=\"no\"><\/iframe>\n<\/div><\/figure>\n","protected":false},"excerpt":{"rendered":"<p>La jornada sobre el abuso infantil en las redes sociales se llev\u00f3 a cabo en el Teatro Municipal. Participaron docentes<\/p>\n","protected":false},"author":5,"featured_media":64050,"comment_status":"closed","ping_status":"closed","sticky":false,"template":"","format":"standard","meta":{"colormag_page_container_layout":"default_layout","colormag_page_sidebar_layout":"default_layout","footnotes":""},"categories":[17,7],"tags":[2850,25],"class_list":["post-64049","post","type-post","status-publish","format-standard","has-post-thumbnail","hentry","category-destacadas","category-merlo","tag-grooming","tag-merlo"],"_links":{"self":[{"href":"https:\/\/sectorprensa.com.ar\/index.php?rest_route=\/wp\/v2\/posts\/64049","targetHints":{"allow":["GET"]}}],"collection":[{"href":"https:\/\/sectorprensa.com.ar\/index.php?rest_route=\/wp\/v2\/posts"}],"about":[{"href":"https:\/\/sectorprensa.com.ar\/index.php?rest_route=\/wp\/v2\/types\/post"}],"author":[{"embeddable":true,"href":"https:\/\/sectorprensa.com.ar\/index.php?rest_route=\/wp\/v2\/users\/5"}],"replies":[{"embeddable":true,"href":"https:\/\/sectorprensa.com.ar\/index.php?rest_route=%2Fwp%2Fv2%2Fcomments&post=64049"}],"version-history":[{"count":1,"href":"https:\/\/sectorprensa.com.ar\/index.php?rest_route=\/wp\/v2\/posts\/64049\/revisions"}],"predecessor-version":[{"id":64051,"href":"https:\/\/sectorprensa.com.ar\/index.php?rest_route=\/wp\/v2\/posts\/64049\/revisions\/64051"}],"wp:featuredmedia":[{"embeddable":true,"href":"https:\/\/sectorprensa.com.ar\/index.php?rest_route=\/wp\/v2\/media\/64050"}],"wp:attachment":[{"href":"https:\/\/sectorprensa.com.ar\/index.php?rest_route=%2Fwp%2Fv2%2Fmedia&parent=64049"}],"wp:term":[{"taxonomy":"category","embeddable":true,"href":"https:\/\/sectorprensa.com.ar\/index.php?rest_route=%2Fwp%2Fv2%2Fcategories&post=64049"},{"taxonomy":"post_tag","embeddable":true,"href":"https:\/\/sectorprensa.com.ar\/index.php?rest_route=%2Fwp%2Fv2%2Ftags&post=64049"}],"curies":[{"name":"wp","href":"https:\/\/api.w.org\/{rel}","templated":true}]}}