{"id":64207,"date":"2024-06-13T08:50:50","date_gmt":"2024-06-13T11:50:50","guid":{"rendered":"https:\/\/sectorprensa.com.ar\/?p=64207"},"modified":"2024-06-13T08:50:51","modified_gmt":"2024-06-13T11:50:51","slug":"gustavo-menendez-sobre-la-autopista-presidente-peron-el-gobierno-nacional-ha-desaparecido-de-sus-obligaciones","status":"publish","type":"post","link":"https:\/\/sectorprensa.com.ar\/?p=64207","title":{"rendered":"Gustavo Men\u00e9ndez sobre la autopista presidente Per\u00f3n: \u201cEl gobierno nacional ha desaparecido de sus obligaciones\u201d"},"content":{"rendered":"\n<h6 class=\"wp-block-heading\"><strong>El intendente de Merlo explic\u00f3 por qu\u00e9 la obra est\u00e1 detenida. \u201cLa idea del consorcio es la organizaci\u00f3n entre la Provincia de Buenos Aires y los municipios, pero es importante recalcar que los fondos son nacionales\u201d, remarc\u00f3.<\/strong><\/h6>\n\n\n\n<p>El intendente de Merlo Gustavo Men\u00e9ndez manifest\u00f3 que la obra de la Autopista Presidente Per\u00f3n est\u00e1 detenida porque \u201cel Gobierno Nacional ha desaparecido de sus obligaciones\u201d y explic\u00f3 que, si bien los Municipios afectados conformaron un consorcio para organizar la continuaci\u00f3n de la Autopista Presidente Per\u00f3n, \u201clos fondos ya est\u00e1n en el Gobierno Nacional\u201d.<\/p>\n\n\n\n<p>\u201cLa idea del consorcio es la organizaci\u00f3n entre la Provincia de Buenos Aires y los municipios, pero es importante recalcar que los fondos son nacionales, los fondos ya existen en el Gobierno Nacional que, adem\u00e1s, cobra impuestos nacionales que se destinan a las obras viales, infraestructura y dem\u00e1s obras p\u00fablicas\u201d, expres\u00f3 el jefe comunal.<\/p>\n\n\n\n<p>En este sentido, el mandatario reiter\u00f3 que \u201cel Gobierno Nacional ha desaparecido de varias de sus obligaciones, entre ellas la de la obra p\u00fablica. En la Provincia de Buenos Aires hay mil obras p\u00fablicas que han quedado paradas por decisi\u00f3n del Gobierno Nacional, que sigue cobrando los impuestos que despu\u00e9s se vuelcan en obras en la Provincia de Buenos Aires, pero ha cortado el pago de esas obras que estaban fondeadas, que estaban en plena ejecuci\u00f3n y que hoy son obras fantasmas\u201d.<\/p>\n\n\n\n<figure class=\"wp-block-embed is-type-rich is-provider-twitter wp-block-embed-twitter\"><div class=\"wp-block-embed__wrapper\">\n<blockquote class=\"twitter-tweet\" data-width=\"550\" data-dnt=\"true\"><p lang=\"es\" dir=\"ltr\">Nos encontramos en la Casa de la Provincia de Buenos Aires junto a intendentes y ministros para la firma de un Petitorio dirigido al<br>Estado Nacional. <br>Nos movilizamos junto al Gobierno Provincial hasta el Ministerio de Econom\u00eda de la Naci\u00f3n para entregarle al Ministro\u2026 <a href=\"https:\/\/t.co\/XPVc7bS6WC\">pic.twitter.com\/XPVc7bS6WC<\/a><\/p>&mdash; Gustavo Men\u00e9ndez (@gustavomenendez) <a href=\"https:\/\/twitter.com\/gustavomenendez\/status\/1800658874313080929?ref_src=twsrc%5Etfw\">June 11, 2024<\/a><\/blockquote><script async src=\"https:\/\/platform.twitter.com\/widgets.js\" charset=\"utf-8\"><\/script>\n<\/div><\/figure>\n\n\n\n<p>\u201cEl Gobierno Nacional est\u00e1 intentando pasarle las obras a la Provincia, pero sin el presupuesto que ten\u00edan asignado\u201d, sostuvo Men\u00e9ndez, quien detall\u00f3: \u201cHoy hemos hecho una presentaci\u00f3n en el Ministerio de Econom\u00eda de la Naci\u00f3n para que la Naci\u00f3n tome la decisi\u00f3n de devolverle a la Provincia de Buenos Aires todos los recursos que le fueron quitados desde el 10 de diciembre\u201d.<\/p>\n\n\n\n<p>\u201cPor supuesto, el consorcio de todos los municipios que formamos parte de la traza del camino de la autopista Presidente Per\u00f3n nos organizamos para poder brindar todos los servicios y para empezar a brindarle soluci\u00f3n a nuestros vecinos, pero no se debe perder de vista que los recursos los tiene la Naci\u00f3n y debe transfer\u00edrselos a la Provincia de Buenos Aires, al consorcio, para que esas obras finalmente terminen de ser ejecutadas\u201d, subray\u00f3 el Intendente.<\/p>\n\n\n\n<p>\u201cNo le pedimos que nos regalen nada, sino que los impuestos que salen de la Provincia de Buenos Aires vuelvan para beneficiar a los habitantes de la Provincia de Buenos Aires\u201d, exigi\u00f3 Men\u00e9ndez. Y cerr\u00f3: \u201cLa financiaci\u00f3n de la obra ya existe, la tiene el Gobierno Nacional y por eso cobra impuestos nacionales, se han hecho todos los procesos de licitaci\u00f3n correspondientes y bueno, de forma unilateral se ha cortado esa transferencia de fondos y por lo tanto quedaron paralizadas mil obras solo en la Provincia de Buenos Aires\u201d.<\/p>\n\n\n\n<figure class=\"wp-block-embed is-type-wp-embed is-provider-sector-prensa wp-block-embed-sector-prensa\"><div class=\"wp-block-embed__wrapper\">\n<blockquote class=\"wp-embedded-content\" data-secret=\"pXScxrCSDO\"><a href=\"https:\/\/sectorprensa.com.ar\/?p=64195\">Kicillof: \u201cEstamos frente a una estafa electoral fenomenal\u201d<\/a><\/blockquote><iframe loading=\"lazy\" class=\"wp-embedded-content\" sandbox=\"allow-scripts\" security=\"restricted\" style=\"position: absolute; clip: rect(1px, 1px, 1px, 1px);\" title=\"\u00abKicillof: \u201cEstamos frente a una estafa electoral fenomenal\u201d\u00bb \u2014 Sector Prensa\" src=\"https:\/\/sectorprensa.com.ar\/?p=64195&#038;embed=true#?secret=72Rfoo4zkx#?secret=pXScxrCSDO\" data-secret=\"pXScxrCSDO\" width=\"600\" height=\"338\" frameborder=\"0\" marginwidth=\"0\" marginheight=\"0\" scrolling=\"no\"><\/iframe>\n<\/div><\/figure>\n","protected":false},"excerpt":{"rendered":"<p>El intendente de Merlo explic\u00f3 por qu\u00e9 la obra est\u00e1 detenida. \u201cLa idea del consorcio es la organizaci\u00f3n entre la<\/p>\n","protected":false},"author":6,"featured_media":63139,"comment_status":"closed","ping_status":"closed","sticky":false,"template":"","format":"standard","meta":{"colormag_page_container_layout":"default_layout","colormag_page_sidebar_layout":"default_layout","footnotes":""},"categories":[6828,7,8],"tags":[4586,2665],"class_list":["post-64207","post","type-post","status-publish","format-standard","has-post-thumbnail","hentry","category-mas-destacadas","category-merlo","category-politica","tag-autopista-presidente-peron","tag-gustavo-menendez-2"],"_links":{"self":[{"href":"https:\/\/sectorprensa.com.ar\/index.php?rest_route=\/wp\/v2\/posts\/64207","targetHints":{"allow":["GET"]}}],"collection":[{"href":"https:\/\/sectorprensa.com.ar\/index.php?rest_route=\/wp\/v2\/posts"}],"about":[{"href":"https:\/\/sectorprensa.com.ar\/index.php?rest_route=\/wp\/v2\/types\/post"}],"author":[{"embeddable":true,"href":"https:\/\/sectorprensa.com.ar\/index.php?rest_route=\/wp\/v2\/users\/6"}],"replies":[{"embeddable":true,"href":"https:\/\/sectorprensa.com.ar\/index.php?rest_route=%2Fwp%2Fv2%2Fcomments&post=64207"}],"version-history":[{"count":1,"href":"https:\/\/sectorprensa.com.ar\/index.php?rest_route=\/wp\/v2\/posts\/64207\/revisions"}],"predecessor-version":[{"id":64208,"href":"https:\/\/sectorprensa.com.ar\/index.php?rest_route=\/wp\/v2\/posts\/64207\/revisions\/64208"}],"wp:featuredmedia":[{"embeddable":true,"href":"https:\/\/sectorprensa.com.ar\/index.php?rest_route=\/wp\/v2\/media\/63139"}],"wp:attachment":[{"href":"https:\/\/sectorprensa.com.ar\/index.php?rest_route=%2Fwp%2Fv2%2Fmedia&parent=64207"}],"wp:term":[{"taxonomy":"category","embeddable":true,"href":"https:\/\/sectorprensa.com.ar\/index.php?rest_route=%2Fwp%2Fv2%2Fcategories&post=64207"},{"taxonomy":"post_tag","embeddable":true,"href":"https:\/\/sectorprensa.com.ar\/index.php?rest_route=%2Fwp%2Fv2%2Ftags&post=64207"}],"curies":[{"name":"wp","href":"https:\/\/api.w.org\/{rel}","templated":true}]}}