{"id":64238,"date":"2024-06-14T10:52:43","date_gmt":"2024-06-14T13:52:43","guid":{"rendered":"https:\/\/sectorprensa.com.ar\/?p=64238"},"modified":"2024-06-14T10:52:44","modified_gmt":"2024-06-14T13:52:44","slug":"video-impactante-tragedia-en-el-camino-del-buen-ayre-manejaba-borracho-choco-a-un-motociclista-y-lo-mato","status":"publish","type":"post","link":"https:\/\/sectorprensa.com.ar\/?p=64238","title":{"rendered":"[Video impactante] Tragedia en el Camino del Buen Ayre: manejaba borracho, choc\u00f3 a un motociclista y lo mat\u00f3"},"content":{"rendered":"\n<h6 class=\"wp-block-heading\"><strong>El lamentable hecho ocurri\u00f3 este jueves en el kil\u00f3metro 18, a la altura de Ituzaing\u00f3, en la mano que va hacia la Autopista Panamericana. El automovilista qued\u00f3 aprehendido.<\/strong><\/h6>\n\n\n\n<p>Un tr\u00e1gico accidente de tr\u00e1nsito se produjo este jueves por la tarde en el Camino del Buen Ayre donde un motociclista de 28 a\u00f1os de edad muri\u00f3 tras ser embestido por un autom\u00f3vil, golpear contra el guardarrail y su cuerpo caer en el otro carril, momento en que otro veh\u00edculo lo arroll\u00f3.<\/p>\n\n\n\n<p>El suceso ocurri\u00f3 en el kil\u00f3metro 18 de la mencionada traza, a la altura de Ituzaing\u00f3, en el sentido a la Autopista Panamericana.<\/p>\n\n\n\n<p>Todo fue captado por una de las c\u00e1maras de seguridad dispuestas a lo largo de la traza, y las im\u00e1genes muestran una secuencia verdaderamente escalofriante: un Renault Sandero Stepway impact\u00f3 lateralmente a una Peugeot Partner al irse desde el carril r\u00e1pido a uno m\u00e1s lento, pero ese choque lo hizo volverse hacia el r\u00e1pido, cuando le dio de lleno a la moto.<\/p>\n\n\n\n<figure class=\"wp-block-embed is-type-rich is-provider-twitter wp-block-embed-twitter\"><div class=\"wp-block-embed__wrapper\">\n<blockquote class=\"twitter-tweet\" data-width=\"550\" data-dnt=\"true\"><p lang=\"es\" dir=\"ltr\">\u201cTragedia\u201d<br><br>Por este choque fatal que termin\u00f3 con la vida de un motociclista en el camino del Buen Ayre. <a href=\"https:\/\/t.co\/yDFyR61Z58\">pic.twitter.com\/yDFyR61Z58<\/a><\/p>&mdash; Tendencias en Argentina (@porqueTTarg) <a href=\"https:\/\/twitter.com\/porqueTTarg\/status\/1801400980887543919?ref_src=twsrc%5Etfw\">June 13, 2024<\/a><\/blockquote><script async src=\"https:\/\/platform.twitter.com\/widgets.js\" charset=\"utf-8\"><\/script>\n<\/div><\/figure>\n\n\n\n<p>En ese momento la motocicleta golpe\u00f3 contra el guardarrail y su conductor, identificado como Pablo Santill\u00e1n, acab\u00f3 siendo arrollado por un Toyota Corolla que circulaba en sentido contrario, puesto que su cuerpo traspas\u00f3 la l\u00ednea media divisoria y acab\u00f3 all\u00ed, sobre el pavimento, y falleci\u00f3.<\/p>\n\n\n\n<p>Santill\u00e1n pose\u00eda domicilio en la ciudad de Merlo, al tiempo que el automovilista que lo embisti\u00f3 \u2013identificado como Carlos Andr\u00e9s Dip (45)\u2013 fue sometido a un test de alcoholemia y el resultado fue contundente: circulaba con casi 2 gramos de alcohol por litro de sangre, por lo que estaba totalmente borracho.<\/p>\n\n\n\n<p>El caso es investigado por la UFI N\u00ba 1 descentralizada de Ituzaing\u00f3, correspondiente al Departamento Judicial Mor\u00f3n, a cargo del fiscal Marcelo Tavolaro, quien orden\u00f3 la aprehensi\u00f3n del sujeto de 45 a\u00f1os de edad bajo una car\u00e1tula inicial de \u201chomicidio culposo\u201d.<\/p>\n\n\n\n<figure class=\"wp-block-embed is-type-wp-embed is-provider-sector-prensa wp-block-embed-sector-prensa\"><div class=\"wp-block-embed__wrapper\">\n<blockquote class=\"wp-embedded-content\" data-secret=\"K7a1LZ8HGr\"><a href=\"https:\/\/sectorprensa.com.ar\/?p=64167\">Una funcionaria de General Rodr\u00edguez manej\u00f3 borracha, choc\u00f3 e intent\u00f3 \u201carreglar\u201d el caso<\/a><\/blockquote><iframe loading=\"lazy\" class=\"wp-embedded-content\" sandbox=\"allow-scripts\" security=\"restricted\" style=\"position: absolute; clip: rect(1px, 1px, 1px, 1px);\" title=\"\u00abUna funcionaria de General Rodr\u00edguez manej\u00f3 borracha, choc\u00f3 e intent\u00f3 \u201carreglar\u201d el caso\u00bb \u2014 Sector Prensa\" src=\"https:\/\/sectorprensa.com.ar\/?p=64167&#038;embed=true#?secret=ww9CQbooYM#?secret=K7a1LZ8HGr\" data-secret=\"K7a1LZ8HGr\" width=\"600\" height=\"338\" frameborder=\"0\" marginwidth=\"0\" marginheight=\"0\" scrolling=\"no\"><\/iframe>\n<\/div><\/figure>\n","protected":false},"excerpt":{"rendered":"<p>El lamentable hecho ocurri\u00f3 este jueves en el kil\u00f3metro 18, a la altura de Ituzaing\u00f3, en la mano que va<\/p>\n","protected":false},"author":6,"featured_media":64239,"comment_status":"closed","ping_status":"closed","sticky":false,"template":"","format":"standard","meta":{"colormag_page_container_layout":"default_layout","colormag_page_sidebar_layout":"default_layout","footnotes":""},"categories":[4,6828,12],"tags":[412,1076,49,120],"class_list":["post-64238","post","type-post","status-publish","format-standard","has-post-thumbnail","hentry","category-ituzaingo","category-mas-destacadas","category-policiales","tag-accidente","tag-camino-del-buen-ayre","tag-ituzaingo","tag-muerte"],"_links":{"self":[{"href":"https:\/\/sectorprensa.com.ar\/index.php?rest_route=\/wp\/v2\/posts\/64238","targetHints":{"allow":["GET"]}}],"collection":[{"href":"https:\/\/sectorprensa.com.ar\/index.php?rest_route=\/wp\/v2\/posts"}],"about":[{"href":"https:\/\/sectorprensa.com.ar\/index.php?rest_route=\/wp\/v2\/types\/post"}],"author":[{"embeddable":true,"href":"https:\/\/sectorprensa.com.ar\/index.php?rest_route=\/wp\/v2\/users\/6"}],"replies":[{"embeddable":true,"href":"https:\/\/sectorprensa.com.ar\/index.php?rest_route=%2Fwp%2Fv2%2Fcomments&post=64238"}],"version-history":[{"count":1,"href":"https:\/\/sectorprensa.com.ar\/index.php?rest_route=\/wp\/v2\/posts\/64238\/revisions"}],"predecessor-version":[{"id":64240,"href":"https:\/\/sectorprensa.com.ar\/index.php?rest_route=\/wp\/v2\/posts\/64238\/revisions\/64240"}],"wp:featuredmedia":[{"embeddable":true,"href":"https:\/\/sectorprensa.com.ar\/index.php?rest_route=\/wp\/v2\/media\/64239"}],"wp:attachment":[{"href":"https:\/\/sectorprensa.com.ar\/index.php?rest_route=%2Fwp%2Fv2%2Fmedia&parent=64238"}],"wp:term":[{"taxonomy":"category","embeddable":true,"href":"https:\/\/sectorprensa.com.ar\/index.php?rest_route=%2Fwp%2Fv2%2Fcategories&post=64238"},{"taxonomy":"post_tag","embeddable":true,"href":"https:\/\/sectorprensa.com.ar\/index.php?rest_route=%2Fwp%2Fv2%2Ftags&post=64238"}],"curies":[{"name":"wp","href":"https:\/\/api.w.org\/{rel}","templated":true}]}}