{"id":64376,"date":"2024-06-19T15:43:58","date_gmt":"2024-06-19T18:43:58","guid":{"rendered":"https:\/\/sectorprensa.com.ar\/?p=64376"},"modified":"2024-07-04T14:40:46","modified_gmt":"2024-07-04T17:40:46","slug":"merlo-jornada-de-futbol-infantil","status":"publish","type":"post","link":"https:\/\/sectorprensa.com.ar\/?p=64376","title":{"rendered":"Merlo: jornada de f\u00fatbol infantil"},"content":{"rendered":"\n<h6 class=\"wp-block-heading\"><strong>La misma se desarroll\u00f3 en La Colonial, cont\u00f3 con la presencia del Intendente Gustavo Men\u00e9ndez. Los clubes participantes se llevaron un reconocimiento por parte del municipio.<\/strong><\/h6>\n\n\n\n<p>Con la presencia del Intendente Gustavo Men\u00e9ndez, y la organizaci\u00f3n de la Subsecretar\u00eda de Deportes local, se llev\u00f3 a cabo una jornada de f\u00fatbol infantil donde participaron un total de 24 clubes, con sus categor\u00eda de 2017 a 2019, de diferentes puntos de Merlo.<\/p>\n\n\n\n<p>Las instituciones recibieron un reconocimiento por su labor en los barrios y materiales deportivos para llevar adelante sus actividades.<\/p>\n\n\n\n<p>\u201cSe agruparon 24 clubes de Merlo con las categor\u00edas m\u00e1s chicas en este torneo que tuvo como base la \u2018amistad\u2019, y repartimos material deportivo para cada club\u201d, inform\u00f3 Men\u00e9ndez y agreg\u00f3 que \u00ablas estrellas son los chicos y chicas que vinieron a jugar\u00bb.<\/p>\n\n\n\n<figure class=\"wp-block-image aligncenter size-full\"><img loading=\"lazy\" decoding=\"async\" width=\"300\" height=\"250\" src=\"https:\/\/sectorprensa.com.ar\/wp-content\/uploads\/2024\/07\/Escuelas-deportivas_300x250_abril2024.jpg\" alt=\"\" class=\"wp-image-64734\"\/><\/figure>\n\n\n\n<figure class=\"wp-block-embed is-type-wp-embed is-provider-sector-prensa wp-block-embed-sector-prensa\"><div class=\"wp-block-embed__wrapper\">\n<blockquote class=\"wp-embedded-content\" data-secret=\"F0oiEYh3l7\"><a href=\"https:\/\/sectorprensa.com.ar\/?p=64345\">Merlo: nueva edici\u00f3n de la Feria del Encuentro Cultural<\/a><\/blockquote><iframe loading=\"lazy\" class=\"wp-embedded-content\" sandbox=\"allow-scripts\" security=\"restricted\" style=\"position: absolute; clip: rect(1px, 1px, 1px, 1px);\" title=\"\u00abMerlo: nueva edici\u00f3n de la Feria del Encuentro Cultural\u00bb \u2014 Sector Prensa\" src=\"https:\/\/sectorprensa.com.ar\/?p=64345&#038;embed=true#?secret=wzxRPIXn6V#?secret=F0oiEYh3l7\" data-secret=\"F0oiEYh3l7\" width=\"600\" height=\"338\" frameborder=\"0\" marginwidth=\"0\" marginheight=\"0\" scrolling=\"no\"><\/iframe>\n<\/div><\/figure>\n","protected":false},"excerpt":{"rendered":"<p>La misma se desarroll\u00f3 en La Colonial, cont\u00f3 con la presencia del Intendente Gustavo Men\u00e9ndez. Los clubes participantes se llevaron<\/p>\n","protected":false},"author":5,"featured_media":64377,"comment_status":"closed","ping_status":"closed","sticky":false,"template":"","format":"standard","meta":{"colormag_page_container_layout":"default_layout","colormag_page_sidebar_layout":"default_layout","footnotes":""},"categories":[11,17,7,1173],"tags":[8846,7872,25],"class_list":["post-64376","post","type-post","status-publish","format-standard","has-post-thumbnail","hentry","category-deportes","category-destacadas","category-merlo","category-municipales","tag-futbol-infantil","tag-la-colonial","tag-merlo"],"_links":{"self":[{"href":"https:\/\/sectorprensa.com.ar\/index.php?rest_route=\/wp\/v2\/posts\/64376","targetHints":{"allow":["GET"]}}],"collection":[{"href":"https:\/\/sectorprensa.com.ar\/index.php?rest_route=\/wp\/v2\/posts"}],"about":[{"href":"https:\/\/sectorprensa.com.ar\/index.php?rest_route=\/wp\/v2\/types\/post"}],"author":[{"embeddable":true,"href":"https:\/\/sectorprensa.com.ar\/index.php?rest_route=\/wp\/v2\/users\/5"}],"replies":[{"embeddable":true,"href":"https:\/\/sectorprensa.com.ar\/index.php?rest_route=%2Fwp%2Fv2%2Fcomments&post=64376"}],"version-history":[{"count":2,"href":"https:\/\/sectorprensa.com.ar\/index.php?rest_route=\/wp\/v2\/posts\/64376\/revisions"}],"predecessor-version":[{"id":64743,"href":"https:\/\/sectorprensa.com.ar\/index.php?rest_route=\/wp\/v2\/posts\/64376\/revisions\/64743"}],"wp:featuredmedia":[{"embeddable":true,"href":"https:\/\/sectorprensa.com.ar\/index.php?rest_route=\/wp\/v2\/media\/64377"}],"wp:attachment":[{"href":"https:\/\/sectorprensa.com.ar\/index.php?rest_route=%2Fwp%2Fv2%2Fmedia&parent=64376"}],"wp:term":[{"taxonomy":"category","embeddable":true,"href":"https:\/\/sectorprensa.com.ar\/index.php?rest_route=%2Fwp%2Fv2%2Fcategories&post=64376"},{"taxonomy":"post_tag","embeddable":true,"href":"https:\/\/sectorprensa.com.ar\/index.php?rest_route=%2Fwp%2Fv2%2Ftags&post=64376"}],"curies":[{"name":"wp","href":"https:\/\/api.w.org\/{rel}","templated":true}]}}