{"id":64379,"date":"2024-06-19T16:33:08","date_gmt":"2024-06-19T19:33:08","guid":{"rendered":"https:\/\/sectorprensa.com.ar\/?p=64379"},"modified":"2024-06-19T16:33:08","modified_gmt":"2024-06-19T19:33:08","slug":"nestor-kirchner-estaria-orgulloso-del-gobierno-del-presidente-milei","status":"publish","type":"post","link":"https:\/\/sectorprensa.com.ar\/?p=64379","title":{"rendered":"\u00abN\u00e9stor Kirchner estar\u00eda orgulloso del gobierno del Presidente Milei\u00bb"},"content":{"rendered":"\n<h6 class=\"wp-block-heading\"><strong>El vocero presidencial, Manuel Adorni, record\u00f3 que el ex Presidente hab\u00eda dicho que \u00abel equilibrio fiscal debe cuidarse\u00bb. En ese marco, destac\u00f3 que \u00abel equilibrio de las cuentas p\u00fablicas de la Naci\u00f3n y las provincias es fundamental\u00bb.<\/strong><\/h6>\n\n\n\n<p>En su habitual conferencia de prensa desde Casa Rosada, Manuel Adorni dej\u00f3 una pol\u00e9mica frase al asegurar que el ex Presidente N\u00e9stor Kirchner \u00abestar\u00eda orgulloso del gobierno del Presidente Milei\u00bb, recordando una frase sobre el equilibrio fiscal.<\/p>\n\n\n\n<p>\u201cYa lo dec\u00eda N\u00e9stor Carlos Kirchner: &#8216;El equilibrio fiscal debe cuidarse&#8217;, eso implica m\u00e1s y mejor recaudaci\u00f3n y eficiencia y cuidado en el gasto\u00bb, sostuvo el vocero presidencial.<\/p>\n\n\n\n<p>Por otra parte, destac\u00f3 que se logr\u00f3 super\u00e1vit financiero por cinco meses consecutivos, algo que no ocurr\u00eda desde 2008, y agreg\u00f3 que \u00aba\u00fan sin haberse aprobado el paquete fiscal de la Ley de Bases\u00bb. En la misma l\u00ednea, dijo: \u201cEl equilibrio de las cuentas p\u00fablicas tanto de la Naci\u00f3n como de las provincias es fundamental\u201d.<\/p>\n\n\n\n<p>\u00abN\u00e9stor Kirchner estar\u00eda orgulloso del gobierno del presidente Milei y del \u00e9xito econ\u00f3mico del programa econ\u00f3mico liderado por Luis Caputo y su equipo de notables economistas\u201d, asegur\u00f3 el funcionario.<\/p>\n\n\n\n<p>\u00abEn lo que va del a\u00f1o, el Estado argentino acumula un super\u00e1vit primario superior al 1% del PBI y uno financiero del 0,4%\u201d, explic\u00f3 Adorni.<\/p>\n\n\n\n<figure class=\"wp-block-embed is-type-wp-embed is-provider-sector-prensa wp-block-embed-sector-prensa\"><div class=\"wp-block-embed__wrapper\">\n<blockquote class=\"wp-embedded-content\" data-secret=\"tDWsK0rtXw\"><a href=\"https:\/\/sectorprensa.com.ar\/?p=64348\">Milei encabezar\u00e1 el acto por el D\u00eda de la Bandera<\/a><\/blockquote><iframe loading=\"lazy\" class=\"wp-embedded-content\" sandbox=\"allow-scripts\" security=\"restricted\" style=\"position: absolute; clip: rect(1px, 1px, 1px, 1px);\" title=\"\u00abMilei encabezar\u00e1 el acto por el D\u00eda de la Bandera\u00bb \u2014 Sector Prensa\" src=\"https:\/\/sectorprensa.com.ar\/?p=64348&#038;embed=true#?secret=IiS9DsPCCg#?secret=tDWsK0rtXw\" data-secret=\"tDWsK0rtXw\" width=\"600\" height=\"338\" frameborder=\"0\" marginwidth=\"0\" marginheight=\"0\" scrolling=\"no\"><\/iframe>\n<\/div><\/figure>\n","protected":false},"excerpt":{"rendered":"<p>El vocero presidencial, Manuel Adorni, record\u00f3 que el ex Presidente hab\u00eda dicho que \u00abel equilibrio fiscal debe cuidarse\u00bb. En ese<\/p>\n","protected":false},"author":5,"featured_media":64380,"comment_status":"closed","ping_status":"closed","sticky":false,"template":"","format":"standard","meta":{"colormag_page_container_layout":"default_layout","colormag_page_sidebar_layout":"default_layout","footnotes":""},"categories":[17,8],"tags":[8847,8388,7096],"class_list":["post-64379","post","type-post","status-publish","format-standard","has-post-thumbnail","hentry","category-destacadas","category-politica","tag-equilibrio-fiscal","tag-manuel-adorni","tag-nestor-kirchner-2"],"_links":{"self":[{"href":"https:\/\/sectorprensa.com.ar\/index.php?rest_route=\/wp\/v2\/posts\/64379","targetHints":{"allow":["GET"]}}],"collection":[{"href":"https:\/\/sectorprensa.com.ar\/index.php?rest_route=\/wp\/v2\/posts"}],"about":[{"href":"https:\/\/sectorprensa.com.ar\/index.php?rest_route=\/wp\/v2\/types\/post"}],"author":[{"embeddable":true,"href":"https:\/\/sectorprensa.com.ar\/index.php?rest_route=\/wp\/v2\/users\/5"}],"replies":[{"embeddable":true,"href":"https:\/\/sectorprensa.com.ar\/index.php?rest_route=%2Fwp%2Fv2%2Fcomments&post=64379"}],"version-history":[{"count":1,"href":"https:\/\/sectorprensa.com.ar\/index.php?rest_route=\/wp\/v2\/posts\/64379\/revisions"}],"predecessor-version":[{"id":64381,"href":"https:\/\/sectorprensa.com.ar\/index.php?rest_route=\/wp\/v2\/posts\/64379\/revisions\/64381"}],"wp:featuredmedia":[{"embeddable":true,"href":"https:\/\/sectorprensa.com.ar\/index.php?rest_route=\/wp\/v2\/media\/64380"}],"wp:attachment":[{"href":"https:\/\/sectorprensa.com.ar\/index.php?rest_route=%2Fwp%2Fv2%2Fmedia&parent=64379"}],"wp:term":[{"taxonomy":"category","embeddable":true,"href":"https:\/\/sectorprensa.com.ar\/index.php?rest_route=%2Fwp%2Fv2%2Fcategories&post=64379"},{"taxonomy":"post_tag","embeddable":true,"href":"https:\/\/sectorprensa.com.ar\/index.php?rest_route=%2Fwp%2Fv2%2Ftags&post=64379"}],"curies":[{"name":"wp","href":"https:\/\/api.w.org\/{rel}","templated":true}]}}