{"id":64435,"date":"2024-06-24T00:11:27","date_gmt":"2024-06-24T03:11:27","guid":{"rendered":"https:\/\/sectorprensa.com.ar\/?p=64435"},"modified":"2024-06-24T00:11:27","modified_gmt":"2024-06-24T03:11:27","slug":"diego-valenzuela-el-pro-tiene-que-reinventarse-y-repensarse","status":"publish","type":"post","link":"https:\/\/sectorprensa.com.ar\/?p=64435","title":{"rendered":"Diego Valenzuela: \u201cEl PRO tiene que reinventarse y repensarse\u201d"},"content":{"rendered":"\n<h6 class=\"wp-block-heading\"><strong>El intendente de Tres de Febrero habl\u00f3 sobre el Pacto de Julio, dijo que hoy \u201cexisten se\u00f1ales positivas \u2018m\u00e1s macro que micro\u2019\u201d y remarc\u00f3 la importancia del \u201ccambio\u201d.<\/strong><\/h6>\n\n\n\n<p>Diego Valenzuela, intendente de Tres de Febrero, habl\u00f3 con CNN Radio, sobre el Pacto de Julio: \u00abEl presidente va a aspirar a retomar la senda del Pacto de Mayo y algunos gobernadores van a faltar, creo que el gobernador Axel Kicillof no va a estar presente en el pacto de Julio\u00bb.<\/p>\n\n\n\n<p>En este sentido, Valenzuela destac\u00f3: \u00abEl gobierno buscar\u00e1 el mayor consenso posible para ese listado de objetivos, que son de bastante consenso en el sector pol\u00edtico argentino\u00bb.<\/p>\n\n\n\n<p>En ese sentido, el intendente bonaerense opin\u00f3 sobre la importancia de la Ley Bases: \u00abEs un primer moj\u00f3n que muestra el pragmatismo y la voluntad acuerdista del gobierno, hay un gran trabajo de Guillermo Francos\u00bb<\/p>\n\n\n\n<p>\u00abSi esto no hubiera salido o no saliese, el gobierno se queda con menos herramientas y habr\u00eda una probable radicalizaci\u00f3n. Esto le da una estabilidad y gobernabilidad a los cambios que el presidente quiere hacer\u00bb, analiz\u00f3.<\/p>\n\n\n\n<p>En materia econ\u00f3mica, Valenzuela afirm\u00f3 que hoy existen se\u00f1ales positivas \u00abm\u00e1s macro que micro\u00bb. Y ejemplific\u00f3: \u00abLa principal es la baja de la inflaci\u00f3n, que luego impacta en la vida de la gente. Frente a una paritaria que mantiene su ritmo y con una tendencia descendente, empieza a haber una forma de alivio despu\u00e9s del gran sacrificio de comienzo de a\u00f1o\u00bb.<\/p>\n\n\n\n<p>Tambi\u00e9n subray\u00f3 que la clave es el equilibrio fiscal: \u00abSon etapas que tienen que ir madurando y que tienen que ir las condiciones para no apurarse y no volver atr\u00e1s\u00bb.<\/p>\n\n\n\n<p>Por el lado social, el dirigente puntualiz\u00f3: \u00abEn lo pol\u00edtico y lo social, hay una mezcla de sacrificio y esperanza, en la calle hay una mejor percepci\u00f3n econ\u00f3mica a futuro. El gobierno tiene que consolidar ese escenario y que la recesi\u00f3n dure lo menos posible\u00bb.<\/p>\n\n\n\n<p>Por otro lado, Valenzuela resalt\u00f3 el viaje del Presidente de la Naci\u00f3n, Javier Milei, hacia Espa\u00f1a: \u00abEl partido competitivo que puede gobernar en Espa\u00f1a es el Partido Popular (PP), me parece un buen gesto. Isabel D\u00edaz Ayuso es una gran referente de la pol\u00edtica espa\u00f1ola y es un gesto de Milei de decir que en Espa\u00f1a no solamente combate al PSOE, sino que tambi\u00e9n hay una articulaci\u00f3n entre Vox y el PP\u00bb.<\/p>\n\n\n\n<p>Por \u00faltimo, el intendente de Tres de Febrero habl\u00f3 sobre las internas dentro del PRO y llam\u00f3 a unir todos los matices a trav\u00e9s del di\u00e1logo: \u00abEl PRO perdi\u00f3, pero gan\u00f3 el cambio. Y en ese sentido, el PRO tiene que reinventarse y repensarse, no podemos seguir haciendo las mismas cosas\u00bb.<\/p>\n\n\n\n<p>\u00abPens\u00e1bamos que Horacio o Patricia eran presidentes y Milei ayudaba, pero es al rev\u00e9s. Mauricio es un referente importante y tiene que ser un facilitador. Patricia gan\u00f3 la interna, es clave, es la dirigente m\u00e1s valorada y una ministra de fuste. Tenemos que ayudar a que el cambio se consolide con el paso del tiempo\u00bb, concluy\u00f3.<\/p>\n\n\n\n<figure class=\"wp-block-embed is-type-wp-embed is-provider-sector-prensa wp-block-embed-sector-prensa\"><div class=\"wp-block-embed__wrapper\">\n<blockquote class=\"wp-embedded-content\" data-secret=\"ImOffWEJBH\"><a href=\"https:\/\/sectorprensa.com.ar\/?p=64410\">Pacto de Mayo: Kicillof ratific\u00f3 que no asistir\u00e1<\/a><\/blockquote><iframe loading=\"lazy\" class=\"wp-embedded-content\" sandbox=\"allow-scripts\" security=\"restricted\" style=\"position: absolute; clip: rect(1px, 1px, 1px, 1px);\" title=\"\u00abPacto de Mayo: Kicillof ratific\u00f3 que no asistir\u00e1\u00bb \u2014 Sector Prensa\" src=\"https:\/\/sectorprensa.com.ar\/?p=64410&#038;embed=true#?secret=ZPlIwHIIBR#?secret=ImOffWEJBH\" data-secret=\"ImOffWEJBH\" width=\"600\" height=\"338\" frameborder=\"0\" marginwidth=\"0\" marginheight=\"0\" scrolling=\"no\"><\/iframe>\n<\/div><\/figure>\n","protected":false},"excerpt":{"rendered":"<p>El intendente de Tres de Febrero habl\u00f3 sobre el Pacto de Julio, dijo que hoy \u201cexisten se\u00f1ales positivas \u2018m\u00e1s macro<\/p>\n","protected":false},"author":6,"featured_media":64436,"comment_status":"closed","ping_status":"closed","sticky":false,"template":"","format":"standard","meta":{"colormag_page_container_layout":"default_layout","colormag_page_sidebar_layout":"default_layout","footnotes":""},"categories":[17,8],"tags":[189,5215,190],"class_list":["post-64435","post","type-post","status-publish","format-standard","has-post-thumbnail","hentry","category-destacadas","category-politica","tag-diego-valenzuela","tag-pro","tag-tres-de-febrero"],"_links":{"self":[{"href":"https:\/\/sectorprensa.com.ar\/index.php?rest_route=\/wp\/v2\/posts\/64435","targetHints":{"allow":["GET"]}}],"collection":[{"href":"https:\/\/sectorprensa.com.ar\/index.php?rest_route=\/wp\/v2\/posts"}],"about":[{"href":"https:\/\/sectorprensa.com.ar\/index.php?rest_route=\/wp\/v2\/types\/post"}],"author":[{"embeddable":true,"href":"https:\/\/sectorprensa.com.ar\/index.php?rest_route=\/wp\/v2\/users\/6"}],"replies":[{"embeddable":true,"href":"https:\/\/sectorprensa.com.ar\/index.php?rest_route=%2Fwp%2Fv2%2Fcomments&post=64435"}],"version-history":[{"count":1,"href":"https:\/\/sectorprensa.com.ar\/index.php?rest_route=\/wp\/v2\/posts\/64435\/revisions"}],"predecessor-version":[{"id":64437,"href":"https:\/\/sectorprensa.com.ar\/index.php?rest_route=\/wp\/v2\/posts\/64435\/revisions\/64437"}],"wp:featuredmedia":[{"embeddable":true,"href":"https:\/\/sectorprensa.com.ar\/index.php?rest_route=\/wp\/v2\/media\/64436"}],"wp:attachment":[{"href":"https:\/\/sectorprensa.com.ar\/index.php?rest_route=%2Fwp%2Fv2%2Fmedia&parent=64435"}],"wp:term":[{"taxonomy":"category","embeddable":true,"href":"https:\/\/sectorprensa.com.ar\/index.php?rest_route=%2Fwp%2Fv2%2Fcategories&post=64435"},{"taxonomy":"post_tag","embeddable":true,"href":"https:\/\/sectorprensa.com.ar\/index.php?rest_route=%2Fwp%2Fv2%2Ftags&post=64435"}],"curies":[{"name":"wp","href":"https:\/\/api.w.org\/{rel}","templated":true}]}}