{"id":64441,"date":"2024-06-24T00:11:39","date_gmt":"2024-06-24T03:11:39","guid":{"rendered":"https:\/\/sectorprensa.com.ar\/?p=64441"},"modified":"2024-06-24T00:11:51","modified_gmt":"2024-06-24T03:11:51","slug":"alberto-fernandez-volvio-a-criticar-al-gobierno-de-milei-solo-genero-despidos-y-aumento-la-pobreza","status":"publish","type":"post","link":"https:\/\/sectorprensa.com.ar\/?p=64441","title":{"rendered":"Alberto Fern\u00e1ndez volvi\u00f3 a criticar al gobierno de Milei: \u201cS\u00f3lo gener\u00f3 despidos y aument\u00f3 la pobreza\u201d"},"content":{"rendered":"\n<h6 class=\"wp-block-heading\"><strong>\u201cPidi\u00f3 un esfuerzo prometiendo una pronta recuperaci\u00f3n, pero destruy\u00f3 la producci\u00f3n, deprimi\u00f3 el consumo y el Estado abandon\u00f3 a su suerte a los m\u00e1s vulnerables\u201d, expres\u00f3 el exmandatario.<\/strong><\/h6>\n\n\n\n<p>El expresidente Alberto Fern\u00e1ndez lanz\u00f3 una nueva cr\u00edtica al gobierno de Javier Milei, remarcando \u201clas mentiras\u201d impartidas hacia la sociedad.<\/p>\n\n\n\n<p>\u201cLos datos no mienten\u201d, advirti\u00f3 Fern\u00e1ndez, a trav\u00e9s de las redes sociales. En su posteo, record\u00f3 que \u201cel gobierno libertario pidi\u00f3 un esfuerzo prometiendo una pronta recuperaci\u00f3n\u201d.<\/p>\n\n\n\n<figure class=\"wp-block-embed is-type-rich is-provider-twitter wp-block-embed-twitter\"><div class=\"wp-block-embed__wrapper\">\n<blockquote class=\"twitter-tweet\" data-width=\"550\" data-dnt=\"true\"><p lang=\"es\" dir=\"ltr\">Los datos no mienten. <br><br>El gobierno libertario pidi\u00f3 un esfuerzo prometiendo una pronta recuperaci\u00f3n. Sin embargo, solo gener\u00f3 despidos, destruy\u00f3 la producci\u00f3n, deprimi\u00f3 el consumo, aument\u00f3 la pobreza y el Estado abandon\u00f3 a su suerte a los m\u00e1s vulnerables.  <br><br>Con esta pol\u00edtica\u2026 <a href=\"https:\/\/t.co\/PoxNmY1bZR\">pic.twitter.com\/PoxNmY1bZR<\/a><\/p>&mdash; Alberto Fern\u00e1ndez (@alferdez) <a href=\"https:\/\/twitter.com\/alferdez\/status\/1804981202689941866?ref_src=twsrc%5Etfw\">June 23, 2024<\/a><\/blockquote><script async src=\"https:\/\/platform.twitter.com\/widgets.js\" charset=\"utf-8\"><\/script>\n<\/div><\/figure>\n\n\n\n<p>Como contrapartida, aclar\u00f3 que el jefe de Estado \u201csolo gener\u00f3 despidos, destruy\u00f3 la producci\u00f3n, deprimi\u00f3 el consumo y aument\u00f3 la pobreza\u201d.<\/p>\n\n\n\n<p>\u201cEl Estado abandon\u00f3 a su suerte a los m\u00e1s vulnerables\u201d, sostuvo el exmandatario.<\/p>\n\n\n\n<p>\u201cCon esta pol\u00edtica solo se dibuja un super\u00e1vit fiscal sobre el que se monta un relato falso. Basta de mentiras\u201d, cerr\u00f3.<\/p>\n\n\n\n<figure class=\"wp-block-embed is-type-wp-embed is-provider-sector-prensa wp-block-embed-sector-prensa\"><div class=\"wp-block-embed__wrapper\">\n<blockquote class=\"wp-embedded-content\" data-secret=\"LEdVJcDzVo\"><a href=\"https:\/\/sectorprensa.com.ar\/?p=64413\">Milei sobre la salida de Posse: \u00abno cumpli\u00f3 con los objetivos\u00bb<\/a><\/blockquote><iframe loading=\"lazy\" class=\"wp-embedded-content\" sandbox=\"allow-scripts\" security=\"restricted\" style=\"position: absolute; clip: rect(1px, 1px, 1px, 1px);\" title=\"\u00abMilei sobre la salida de Posse: \u00abno cumpli\u00f3 con los objetivos\u00bb\u00bb \u2014 Sector Prensa\" src=\"https:\/\/sectorprensa.com.ar\/?p=64413&#038;embed=true#?secret=x7ogS0dPyf#?secret=LEdVJcDzVo\" data-secret=\"LEdVJcDzVo\" width=\"600\" height=\"338\" frameborder=\"0\" marginwidth=\"0\" marginheight=\"0\" scrolling=\"no\"><\/iframe>\n<\/div><\/figure>\n","protected":false},"excerpt":{"rendered":"<p>\u201cPidi\u00f3 un esfuerzo prometiendo una pronta recuperaci\u00f3n, pero destruy\u00f3 la producci\u00f3n, deprimi\u00f3 el consumo y el Estado abandon\u00f3 a su<\/p>\n","protected":false},"author":6,"featured_media":64443,"comment_status":"closed","ping_status":"closed","sticky":false,"template":"","format":"standard","meta":{"colormag_page_container_layout":"default_layout","colormag_page_sidebar_layout":"default_layout","footnotes":""},"categories":[6828,8],"tags":[3030,6221],"class_list":["post-64441","post","type-post","status-publish","format-standard","has-post-thumbnail","hentry","category-mas-destacadas","category-politica","tag-alberto-fernandez","tag-javier-milei"],"_links":{"self":[{"href":"https:\/\/sectorprensa.com.ar\/index.php?rest_route=\/wp\/v2\/posts\/64441","targetHints":{"allow":["GET"]}}],"collection":[{"href":"https:\/\/sectorprensa.com.ar\/index.php?rest_route=\/wp\/v2\/posts"}],"about":[{"href":"https:\/\/sectorprensa.com.ar\/index.php?rest_route=\/wp\/v2\/types\/post"}],"author":[{"embeddable":true,"href":"https:\/\/sectorprensa.com.ar\/index.php?rest_route=\/wp\/v2\/users\/6"}],"replies":[{"embeddable":true,"href":"https:\/\/sectorprensa.com.ar\/index.php?rest_route=%2Fwp%2Fv2%2Fcomments&post=64441"}],"version-history":[{"count":1,"href":"https:\/\/sectorprensa.com.ar\/index.php?rest_route=\/wp\/v2\/posts\/64441\/revisions"}],"predecessor-version":[{"id":64444,"href":"https:\/\/sectorprensa.com.ar\/index.php?rest_route=\/wp\/v2\/posts\/64441\/revisions\/64444"}],"wp:featuredmedia":[{"embeddable":true,"href":"https:\/\/sectorprensa.com.ar\/index.php?rest_route=\/wp\/v2\/media\/64443"}],"wp:attachment":[{"href":"https:\/\/sectorprensa.com.ar\/index.php?rest_route=%2Fwp%2Fv2%2Fmedia&parent=64441"}],"wp:term":[{"taxonomy":"category","embeddable":true,"href":"https:\/\/sectorprensa.com.ar\/index.php?rest_route=%2Fwp%2Fv2%2Fcategories&post=64441"},{"taxonomy":"post_tag","embeddable":true,"href":"https:\/\/sectorprensa.com.ar\/index.php?rest_route=%2Fwp%2Fv2%2Ftags&post=64441"}],"curies":[{"name":"wp","href":"https:\/\/api.w.org\/{rel}","templated":true}]}}