{"id":64587,"date":"2024-06-29T22:05:09","date_gmt":"2024-06-30T01:05:09","guid":{"rendered":"https:\/\/sectorprensa.com.ar\/?p=64587"},"modified":"2024-06-29T22:05:09","modified_gmt":"2024-06-30T01:05:09","slug":"telam-como-la-conocemos-ha-dejado-de-existir","status":"publish","type":"post","link":"https:\/\/sectorprensa.com.ar\/?p=64587","title":{"rendered":"\u00abT\u00e9lam como la conocemos ha dejado de existir\u00bb"},"content":{"rendered":"\n<h6 class=\"wp-block-heading\"><strong>El vocero presidencial, Manuel Adorni, realiz\u00f3 esta declaraci\u00f3n hoy y anunci\u00f3 que se convertir\u00e1 en una sociedad estatal.<\/strong><\/h6>\n\n\n\n<p>Luego de su cierre y varios meses de incertidumbre, Manuel Adorni confirm\u00f3 este s\u00e1bado que la agencia de noticias T\u00e9lam \u00abha dejado de existir\u00bb. Vale recordar, hab\u00eda sido intervenida por el gobierno nacional a principios de febrero.<\/p>\n\n\n\n<p>A trav\u00e9s de sus redes sociales, el funcionario anunci\u00f3: \u00abT\u00e9lam tal como la conocimos ha dejado de existir\u00bb.<\/p>\n\n\n\n<p>Adem\u00e1s, en la publicaci\u00f3n se ve un texto que anuncia la transformaci\u00f3n de la misma en una nueva sociedad estatal: \u201cInstr\u00fayese a los representantes del ESTADO NACIONAL para que en la Asamblea General Extraordinaria de TELAM SOCIEDAD DEL ESTADO, a realizarse el d\u00eda 28 de junio de 2024, den cumplimiento a lo establecido precedentemente y arbitren las medidas que correspondan para la transformaci\u00f3n de la empresa y aprobaci\u00f3n del estatuto de la nueva sociedad\u201d, indica.<\/p>\n\n\n\n<p>Si bien no hay confirmaci\u00f3n oficial por parte del Ejecutivo Nacional, a\u00fan no se public\u00f3 en el Bolet\u00edn Oficial, con esta modificaci\u00f3n pasar\u00eda a llamarse APESA y se dedicar\u00eda a la difusi\u00f3n de noticias de inter\u00e9s general.<\/p>\n\n\n\n<p>\u201cSe termin\u00f3 la agencia fascista de noticias que atorment\u00f3 a los medios de comunicaci\u00f3n por m\u00e1s de 50 a\u00f1os. Chau T\u00e9lam. No vuelvas nunca m\u00e1s\u201d, manifest\u00f3 Juan Carreira, Director de Comunicaci\u00f3n Digital.<\/p>\n\n\n\n<figure class=\"wp-block-embed is-type-wp-embed is-provider-sector-prensa wp-block-embed-sector-prensa\"><div class=\"wp-block-embed__wrapper\">\n<blockquote class=\"wp-embedded-content\" data-secret=\"wciPIjmN5L\"><a href=\"https:\/\/sectorprensa.com.ar\/?p=64555\">El gobierno dejar\u00e1 de regular las tarifas de celular, internet y cable<\/a><\/blockquote><iframe loading=\"lazy\" class=\"wp-embedded-content\" sandbox=\"allow-scripts\" security=\"restricted\" style=\"position: absolute; clip: rect(1px, 1px, 1px, 1px);\" title=\"\u00abEl gobierno dejar\u00e1 de regular las tarifas de celular, internet y cable\u00bb \u2014 Sector Prensa\" src=\"https:\/\/sectorprensa.com.ar\/?p=64555&#038;embed=true#?secret=hshv30o5Mg#?secret=wciPIjmN5L\" data-secret=\"wciPIjmN5L\" width=\"600\" height=\"338\" frameborder=\"0\" marginwidth=\"0\" marginheight=\"0\" scrolling=\"no\"><\/iframe>\n<\/div><\/figure>\n","protected":false},"excerpt":{"rendered":"<p>El vocero presidencial, Manuel Adorni, realiz\u00f3 esta declaraci\u00f3n hoy y anunci\u00f3 que se convertir\u00e1 en una sociedad estatal. Luego de<\/p>\n","protected":false},"author":5,"featured_media":64588,"comment_status":"closed","ping_status":"closed","sticky":false,"template":"","format":"standard","meta":{"colormag_page_container_layout":"default_layout","colormag_page_sidebar_layout":"default_layout","footnotes":""},"categories":[17,8],"tags":[8388,8313],"class_list":["post-64587","post","type-post","status-publish","format-standard","has-post-thumbnail","hentry","category-destacadas","category-politica","tag-manuel-adorni","tag-telam"],"_links":{"self":[{"href":"https:\/\/sectorprensa.com.ar\/index.php?rest_route=\/wp\/v2\/posts\/64587","targetHints":{"allow":["GET"]}}],"collection":[{"href":"https:\/\/sectorprensa.com.ar\/index.php?rest_route=\/wp\/v2\/posts"}],"about":[{"href":"https:\/\/sectorprensa.com.ar\/index.php?rest_route=\/wp\/v2\/types\/post"}],"author":[{"embeddable":true,"href":"https:\/\/sectorprensa.com.ar\/index.php?rest_route=\/wp\/v2\/users\/5"}],"replies":[{"embeddable":true,"href":"https:\/\/sectorprensa.com.ar\/index.php?rest_route=%2Fwp%2Fv2%2Fcomments&post=64587"}],"version-history":[{"count":1,"href":"https:\/\/sectorprensa.com.ar\/index.php?rest_route=\/wp\/v2\/posts\/64587\/revisions"}],"predecessor-version":[{"id":64589,"href":"https:\/\/sectorprensa.com.ar\/index.php?rest_route=\/wp\/v2\/posts\/64587\/revisions\/64589"}],"wp:featuredmedia":[{"embeddable":true,"href":"https:\/\/sectorprensa.com.ar\/index.php?rest_route=\/wp\/v2\/media\/64588"}],"wp:attachment":[{"href":"https:\/\/sectorprensa.com.ar\/index.php?rest_route=%2Fwp%2Fv2%2Fmedia&parent=64587"}],"wp:term":[{"taxonomy":"category","embeddable":true,"href":"https:\/\/sectorprensa.com.ar\/index.php?rest_route=%2Fwp%2Fv2%2Fcategories&post=64587"},{"taxonomy":"post_tag","embeddable":true,"href":"https:\/\/sectorprensa.com.ar\/index.php?rest_route=%2Fwp%2Fv2%2Ftags&post=64587"}],"curies":[{"name":"wp","href":"https:\/\/api.w.org\/{rel}","templated":true}]}}