{"id":64634,"date":"2024-07-01T15:35:04","date_gmt":"2024-07-01T18:35:04","guid":{"rendered":"https:\/\/sectorprensa.com.ar\/?p=64634"},"modified":"2024-07-01T15:35:05","modified_gmt":"2024-07-01T18:35:05","slug":"aprueban-un-rigi-donde-no-va-a-entrar-un-miserable-dolar","status":"publish","type":"post","link":"https:\/\/sectorprensa.com.ar\/?p=64634","title":{"rendered":"\u00abAprueban un RIGI donde no va a entrar un miserable d\u00f3lar\u00bb"},"content":{"rendered":"\n<h6 class=\"wp-block-heading\"><strong>La ex Vicepresidenta y Presidenta, Cristina Fern\u00e1ndez de Kirchner, critic\u00f3 la aprobaci\u00f3n del RIGI y remarc\u00f3 que \u00abel campo va a ser el \u00fanico productor de d\u00f3lares\u00bb.<\/strong><\/h6>\n\n\n\n<p>En el marco de una entrevista por Streaming, Cristina Fern\u00e1ndez de Kirchner critic\u00f3 uno de los art\u00edculos fundamentales para el gobierno nacional dentro de la Ley de Bases, el RIGI (R\u00e9gimen de Incentivos a las Grandes Inversiones). La ex Presidenta sostuvo que con esta pol\u00edtica \u00abno va a entrar un miserable d\u00f3lar\u00bb.<\/p>\n\n\n\n<p>\u00abNecesitamos que una parte de la dirigencia argentina se siente a pensar que vamos a hacer con esta Argentina s\u00faper endeudada\u00bb, indic\u00f3.<\/p>\n\n\n\n<p>Luego, Fern\u00e1ndez de Kirchner critic\u00f3 el nuevo r\u00e9gimen de inversiones aprobado y sostuvo: \u00abNo va a entrar un miserable d\u00f3lar, porque resulta ser que los que quieran invertir van a poder liquidar las exportaciones en el exterior\u201d.<\/p>\n\n\n\n<p>\u00abEl campo que se olvide que le rebajen ni 0,50 de retenciones porque va a ser el \u00fanico productor de d\u00f3lares con la aprobaci\u00f3n del RIGI\u00bb, remarc\u00f3 la ex mandataria.<\/p>\n\n\n\n<p>Por \u00faltimo, argument\u00f3 que con la aprobaci\u00f3n de la Ley de Bases \u00ablos d\u00f3lares le siguen subiendo\u00bb y que tener \u00abcero d\u00f3lares es un problema, aunque tengas d\u00e9ficit cero\u00bb, el cual calific\u00f3 de \u00abtrucho\u00bb.<\/p>\n\n\n\n<figure class=\"wp-block-embed is-type-wp-embed is-provider-sector-prensa wp-block-embed-sector-prensa\"><div class=\"wp-block-embed__wrapper\">\n<blockquote class=\"wp-embedded-content\" data-secret=\"NzMl3fGgYj\"><a href=\"https:\/\/sectorprensa.com.ar\/?p=64570\">Con la Ley Bases aprobada, Milei dijo que que ahora \u201cse viene el cambio de r\u00e9gimen monetario\u201d<\/a><\/blockquote><iframe loading=\"lazy\" class=\"wp-embedded-content\" sandbox=\"allow-scripts\" security=\"restricted\" style=\"position: absolute; clip: rect(1px, 1px, 1px, 1px);\" title=\"\u00abCon la Ley Bases aprobada, Milei dijo que que ahora \u201cse viene el cambio de r\u00e9gimen monetario\u201d\u00bb \u2014 Sector Prensa\" src=\"https:\/\/sectorprensa.com.ar\/?p=64570&#038;embed=true#?secret=TDdGGEE9Zh#?secret=NzMl3fGgYj\" data-secret=\"NzMl3fGgYj\" width=\"600\" height=\"338\" frameborder=\"0\" marginwidth=\"0\" marginheight=\"0\" scrolling=\"no\"><\/iframe>\n<\/div><\/figure>\n","protected":false},"excerpt":{"rendered":"<p>La ex Vicepresidenta y Presidenta, Cristina Fern\u00e1ndez de Kirchner, critic\u00f3 la aprobaci\u00f3n del RIGI y remarc\u00f3 que \u00abel campo va<\/p>\n","protected":false},"author":5,"featured_media":64635,"comment_status":"closed","ping_status":"closed","sticky":false,"template":"","format":"standard","meta":{"colormag_page_container_layout":"default_layout","colormag_page_sidebar_layout":"default_layout","footnotes":""},"categories":[17,8],"tags":[6851,8805,8806],"class_list":["post-64634","post","type-post","status-publish","format-standard","has-post-thumbnail","hentry","category-destacadas","category-politica","tag-cristina-fernandez-de-kirchner-2","tag-ley-de-bases","tag-rigi"],"_links":{"self":[{"href":"https:\/\/sectorprensa.com.ar\/index.php?rest_route=\/wp\/v2\/posts\/64634","targetHints":{"allow":["GET"]}}],"collection":[{"href":"https:\/\/sectorprensa.com.ar\/index.php?rest_route=\/wp\/v2\/posts"}],"about":[{"href":"https:\/\/sectorprensa.com.ar\/index.php?rest_route=\/wp\/v2\/types\/post"}],"author":[{"embeddable":true,"href":"https:\/\/sectorprensa.com.ar\/index.php?rest_route=\/wp\/v2\/users\/5"}],"replies":[{"embeddable":true,"href":"https:\/\/sectorprensa.com.ar\/index.php?rest_route=%2Fwp%2Fv2%2Fcomments&post=64634"}],"version-history":[{"count":1,"href":"https:\/\/sectorprensa.com.ar\/index.php?rest_route=\/wp\/v2\/posts\/64634\/revisions"}],"predecessor-version":[{"id":64636,"href":"https:\/\/sectorprensa.com.ar\/index.php?rest_route=\/wp\/v2\/posts\/64634\/revisions\/64636"}],"wp:featuredmedia":[{"embeddable":true,"href":"https:\/\/sectorprensa.com.ar\/index.php?rest_route=\/wp\/v2\/media\/64635"}],"wp:attachment":[{"href":"https:\/\/sectorprensa.com.ar\/index.php?rest_route=%2Fwp%2Fv2%2Fmedia&parent=64634"}],"wp:term":[{"taxonomy":"category","embeddable":true,"href":"https:\/\/sectorprensa.com.ar\/index.php?rest_route=%2Fwp%2Fv2%2Fcategories&post=64634"},{"taxonomy":"post_tag","embeddable":true,"href":"https:\/\/sectorprensa.com.ar\/index.php?rest_route=%2Fwp%2Fv2%2Ftags&post=64634"}],"curies":[{"name":"wp","href":"https:\/\/api.w.org\/{rel}","templated":true}]}}