{"id":64639,"date":"2024-07-01T18:02:14","date_gmt":"2024-07-01T21:02:14","guid":{"rendered":"https:\/\/sectorprensa.com.ar\/?p=64639"},"modified":"2024-07-01T18:02:14","modified_gmt":"2024-07-01T21:02:14","slug":"vamos-a-organizarnos-para-luchar-por-un-proyecto-de-pais-inspirado-en-el-legado-de-peron","status":"publish","type":"post","link":"https:\/\/sectorprensa.com.ar\/?p=64639","title":{"rendered":"\u00abVamos a organizarnos para luchar por un proyecto de pa\u00eds inspirado en el legado de Per\u00f3n\u00bb"},"content":{"rendered":"\n<h6 class=\"wp-block-heading\"><strong>El Gobernador de la provincia de Buenos Aires, Axel Kicillof, fue el principal orador del acto organizado por el peronismo en la Quinta de San Vicente. All\u00ed, pidi\u00f3 \u00abconstruir una alternativa\u00bb para \u00abrevertir la destrucci\u00f3n que est\u00e1 en curso\u00bb.<\/strong><\/h6>\n\n\n\n<p>Este lunes por la ma\u00f1ana se realiz\u00f3 un acto en homenaje a Juan Domingo Per\u00f3n, a 50 a\u00f1os de su fallecimiento, en la Quinta de San Vicente. El principal orador fue Axel Kicillof, Gobernador de la provincia de Buenos Aires, quien solicit\u00f3 que el peronismo se organice para \u00abluchar por un proyecto\u00bb y \u00abconstruir una alternativa inspirada en el legado de Per\u00f3n\u00bb. Desde el espacio pol\u00edtico, buscan impulsarlo como candidato a Presidente en 2027.<\/p>\n\n\n\n<p>En la jornada lo acompa\u00f1aron Ver\u00f3nica Magario (Vicegobernadora), Carlos Bianco (Ministro de Gobierno), Nicol\u00e1s Kreplak (Ministro de Salud provincial), Gabriel Katopodis (Ministro de Infraestructura y Servicios P\u00fablicos), Alberto Sileoni (Director General de Cultura y Educaci\u00f3n), Silvina Batakis (Ministra de H\u00e1bitat y Desarrollo Urbano) y Nicol\u00e1s Mantegazza (Intendente de San Vicente).<\/p>\n\n\n\n<p>\u00abDesde la provincia debemos construir una alternativa que en el futuro permita revertir la destrucci\u00f3n que est\u00e1 en curso y poner a la Argentina en el camino del desarrollo y la inclusi\u00f3n\u00bb, sostuvo el mandatario provincial. En la misma l\u00ednea, enfatiz\u00f3: \u00abVamos a organizarnos para luchar por un proyecto de pa\u00eds inspirado en el legado de Per\u00f3n\u00bb.<\/p>\n\n\n\n<p>Por otra parte, critic\u00f3 al Presidente Javier Milei al decir que \u00abno solo vino a achicar el Estado, vino a desintegrarlo, al igual que a la unidad nacional cuando pisotea al federalismo\u00bb.<\/p>\n\n\n\n<p>\u00abLes va a resultar imposible convertirnos en colonia porque por ac\u00e1 pas\u00f3 Per\u00f3n y dej\u00f3 el peronismo instalado en las conciencias, las voluntades y el coraz\u00f3n del pueblo\u00bb, expres\u00f3 Kicillof.<\/p>\n\n\n\n<figure class=\"wp-block-embed is-type-wp-embed is-provider-sector-prensa wp-block-embed-sector-prensa\"><div class=\"wp-block-embed__wrapper\">\n<blockquote class=\"wp-embedded-content\" data-secret=\"YoyYD41zCA\"><a href=\"https:\/\/sectorprensa.com.ar\/?p=64603\">Kicillof llam\u00f3 a \u201ccrear un escudo\u201d para proteger derechos que el presidente \u201cse propone disolver\u201d<\/a><\/blockquote><iframe loading=\"lazy\" class=\"wp-embedded-content\" sandbox=\"allow-scripts\" security=\"restricted\" style=\"position: absolute; clip: rect(1px, 1px, 1px, 1px);\" title=\"\u00abKicillof llam\u00f3 a \u201ccrear un escudo\u201d para proteger derechos que el presidente \u201cse propone disolver\u201d\u00bb \u2014 Sector Prensa\" src=\"https:\/\/sectorprensa.com.ar\/?p=64603&#038;embed=true#?secret=2W0nA0IVK8#?secret=YoyYD41zCA\" data-secret=\"YoyYD41zCA\" width=\"600\" height=\"338\" frameborder=\"0\" marginwidth=\"0\" marginheight=\"0\" scrolling=\"no\"><\/iframe>\n<\/div><\/figure>\n","protected":false},"excerpt":{"rendered":"<p>El Gobernador de la provincia de Buenos Aires, Axel Kicillof, fue el principal orador del acto organizado por el peronismo<\/p>\n","protected":false},"author":5,"featured_media":64640,"comment_status":"closed","ping_status":"closed","sticky":false,"template":"","format":"standard","meta":{"colormag_page_container_layout":"default_layout","colormag_page_sidebar_layout":"default_layout","footnotes":""},"categories":[6828,8,18],"tags":[3337,8874,8873],"class_list":["post-64639","post","type-post","status-publish","format-standard","has-post-thumbnail","hentry","category-mas-destacadas","category-politica","category-provincia","tag-axel-kicillof","tag-juan-domingo-peron","tag-quinta-de-san-vicente"],"_links":{"self":[{"href":"https:\/\/sectorprensa.com.ar\/index.php?rest_route=\/wp\/v2\/posts\/64639","targetHints":{"allow":["GET"]}}],"collection":[{"href":"https:\/\/sectorprensa.com.ar\/index.php?rest_route=\/wp\/v2\/posts"}],"about":[{"href":"https:\/\/sectorprensa.com.ar\/index.php?rest_route=\/wp\/v2\/types\/post"}],"author":[{"embeddable":true,"href":"https:\/\/sectorprensa.com.ar\/index.php?rest_route=\/wp\/v2\/users\/5"}],"replies":[{"embeddable":true,"href":"https:\/\/sectorprensa.com.ar\/index.php?rest_route=%2Fwp%2Fv2%2Fcomments&post=64639"}],"version-history":[{"count":1,"href":"https:\/\/sectorprensa.com.ar\/index.php?rest_route=\/wp\/v2\/posts\/64639\/revisions"}],"predecessor-version":[{"id":64641,"href":"https:\/\/sectorprensa.com.ar\/index.php?rest_route=\/wp\/v2\/posts\/64639\/revisions\/64641"}],"wp:featuredmedia":[{"embeddable":true,"href":"https:\/\/sectorprensa.com.ar\/index.php?rest_route=\/wp\/v2\/media\/64640"}],"wp:attachment":[{"href":"https:\/\/sectorprensa.com.ar\/index.php?rest_route=%2Fwp%2Fv2%2Fmedia&parent=64639"}],"wp:term":[{"taxonomy":"category","embeddable":true,"href":"https:\/\/sectorprensa.com.ar\/index.php?rest_route=%2Fwp%2Fv2%2Fcategories&post=64639"},{"taxonomy":"post_tag","embeddable":true,"href":"https:\/\/sectorprensa.com.ar\/index.php?rest_route=%2Fwp%2Fv2%2Ftags&post=64639"}],"curies":[{"name":"wp","href":"https:\/\/api.w.org\/{rel}","templated":true}]}}