{"id":64750,"date":"2024-07-04T16:22:35","date_gmt":"2024-07-04T19:22:35","guid":{"rendered":"https:\/\/sectorprensa.com.ar\/?p=64750"},"modified":"2024-07-04T16:22:36","modified_gmt":"2024-07-04T19:22:36","slug":"expo-industrializar-2024-kicillof-encabezo-el-acto-de-apertura","status":"publish","type":"post","link":"https:\/\/sectorprensa.com.ar\/?p=64750","title":{"rendered":"Expo Industrializar 2024: Kicillof encabez\u00f3 el acto de apertura"},"content":{"rendered":"\n<h6 class=\"wp-block-heading\"><strong>El Gobernador de la provincia de Buenos Aires remarc\u00f3 que su gesti\u00f3n tiene la obligaci\u00f3n de \u00abdefender la producci\u00f3n y el empleo\u00bb. Adem\u00e1s, volvi\u00f3 a expresar su rechazo al Pacto de Mayo y asegur\u00f3 que no firmar\u00e1 algo que no representa a su mandato.<\/strong><\/h6>\n\n\n\n<p>En la ma\u00f1ana del jueves, Axel Kicillof se hizo presente en el distrito de Pilar para encabezar la apertura de la Expo Industrializar 2024, evento que culminar\u00e1 este viernes y trata la importancia de la industria nacional. El Gobernador de la provincia de Buenos Aires llam\u00f3 a defender el sector. Por otra parte, ratific\u00f3 que no firmar\u00e1 el Pacto de Mayo ya que \u00aben ese documento no se hace ninguna menci\u00f3n a fomentar la producci\u00f3n y mejorar las condiciones de vida de los trabajadores\u00bb.<\/p>\n\n\n\n<p>En la jornada, el mandatario provincial estuvo acompa\u00f1ado por Augusto Costa (Ministro de Producci\u00f3n, Ciencia e Innovaci\u00f3n Tecnol\u00f3gica), Federico Ach\u00e1val (Intendente de Pilar), Cristina \u00c1lvarez Rodr\u00edguez (Jefa de Asesores del Gobernador), Carlos Bianco (Ministro de Gobierno), Jorge D\u00b4Onofrio (Ministro de Transporte), Silvina Batakis (Ministra de H\u00e1bitat y Desarrollo), Mariela Bembi (Subsecretaria de Industria, Pymes y Cooperativas) y Gast\u00f3n Granados (Intendente de Ezeiza).<\/p>\n\n\n\n<p>\u201cHago un llamado a ponernos de acuerdo en una pol\u00edtica que no est\u00e1 escrita en el Pacto de Mayo, que es cuidar lo nuestro para defender la industria y el trabajo. En ese documento no se hace ninguna menci\u00f3n a fomentar la producci\u00f3n y mejorar las condiciones de vida de los trabajadores, nosotros no vamos a firmar algo que no representa el mandato que nos dio nuestro pueblo\u201d, critic\u00f3 Kicillof. <\/p>\n\n\n\n<p>Vale recordar, el Presidente Javier Milei convoc\u00f3 para el 9 de julio a firmar el texto, proponiendo una vigilia desde el 8 de julio a las 23hs, en Tucum\u00e1n.<\/p>\n\n\n\n<p>El Gobernador bonaerense se refiri\u00f3 al gobierno nacional y analiz\u00f3: \u00abEst\u00e1n llevando adelante una estrategia de desindustrializaci\u00f3n. La pol\u00edtica econ\u00f3mica de La Libertad Avanza no tiene nada de novedosa respecto de los distintos planes de ajuste y los paquetes neoliberales que ya se aplicaron en la Argentina, y cuyos resultados han sido catastr\u00f3ficos\u00bb.<\/p>\n\n\n\n<figure class=\"wp-block-embed is-type-wp-embed is-provider-sector-prensa wp-block-embed-sector-prensa\"><div class=\"wp-block-embed__wrapper\">\n<blockquote class=\"wp-embedded-content\" data-secret=\"DzHe1NMwQ8\"><a href=\"https:\/\/sectorprensa.com.ar\/?p=64685\">Kicillof y Kreplak anunciaron la ampliaci\u00f3n de la cobertura de medicamentos oncol\u00f3gicos<\/a><\/blockquote><iframe loading=\"lazy\" class=\"wp-embedded-content\" sandbox=\"allow-scripts\" security=\"restricted\" style=\"position: absolute; clip: rect(1px, 1px, 1px, 1px);\" title=\"\u00abKicillof y Kreplak anunciaron la ampliaci\u00f3n de la cobertura de medicamentos oncol\u00f3gicos\u00bb \u2014 Sector Prensa\" src=\"https:\/\/sectorprensa.com.ar\/?p=64685&#038;embed=true#?secret=5C6S8t4ei4#?secret=DzHe1NMwQ8\" data-secret=\"DzHe1NMwQ8\" width=\"600\" height=\"338\" frameborder=\"0\" marginwidth=\"0\" marginheight=\"0\" scrolling=\"no\"><\/iframe>\n<\/div><\/figure>\n","protected":false},"excerpt":{"rendered":"<p>El Gobernador de la provincia de Buenos Aires remarc\u00f3 que su gesti\u00f3n tiene la obligaci\u00f3n de \u00abdefender la producci\u00f3n y<\/p>\n","protected":false},"author":5,"featured_media":64751,"comment_status":"closed","ping_status":"closed","sticky":false,"template":"","format":"standard","meta":{"colormag_page_container_layout":"default_layout","colormag_page_sidebar_layout":"default_layout","footnotes":""},"categories":[17,8,18],"tags":[3337,8889],"class_list":["post-64750","post","type-post","status-publish","format-standard","has-post-thumbnail","hentry","category-destacadas","category-politica","category-provincia","tag-axel-kicillof","tag-expo-industrializar-2024"],"_links":{"self":[{"href":"https:\/\/sectorprensa.com.ar\/index.php?rest_route=\/wp\/v2\/posts\/64750","targetHints":{"allow":["GET"]}}],"collection":[{"href":"https:\/\/sectorprensa.com.ar\/index.php?rest_route=\/wp\/v2\/posts"}],"about":[{"href":"https:\/\/sectorprensa.com.ar\/index.php?rest_route=\/wp\/v2\/types\/post"}],"author":[{"embeddable":true,"href":"https:\/\/sectorprensa.com.ar\/index.php?rest_route=\/wp\/v2\/users\/5"}],"replies":[{"embeddable":true,"href":"https:\/\/sectorprensa.com.ar\/index.php?rest_route=%2Fwp%2Fv2%2Fcomments&post=64750"}],"version-history":[{"count":1,"href":"https:\/\/sectorprensa.com.ar\/index.php?rest_route=\/wp\/v2\/posts\/64750\/revisions"}],"predecessor-version":[{"id":64752,"href":"https:\/\/sectorprensa.com.ar\/index.php?rest_route=\/wp\/v2\/posts\/64750\/revisions\/64752"}],"wp:featuredmedia":[{"embeddable":true,"href":"https:\/\/sectorprensa.com.ar\/index.php?rest_route=\/wp\/v2\/media\/64751"}],"wp:attachment":[{"href":"https:\/\/sectorprensa.com.ar\/index.php?rest_route=%2Fwp%2Fv2%2Fmedia&parent=64750"}],"wp:term":[{"taxonomy":"category","embeddable":true,"href":"https:\/\/sectorprensa.com.ar\/index.php?rest_route=%2Fwp%2Fv2%2Fcategories&post=64750"},{"taxonomy":"post_tag","embeddable":true,"href":"https:\/\/sectorprensa.com.ar\/index.php?rest_route=%2Fwp%2Fv2%2Ftags&post=64750"}],"curies":[{"name":"wp","href":"https:\/\/api.w.org\/{rel}","templated":true}]}}