{"id":64854,"date":"2024-07-09T00:26:59","date_gmt":"2024-07-09T03:26:59","guid":{"rendered":"https:\/\/sectorprensa.com.ar\/?p=64854"},"modified":"2024-07-09T00:28:00","modified_gmt":"2024-07-09T03:28:00","slug":"la-provincia-lanzo-la-temporada-de-invierno","status":"publish","type":"post","link":"https:\/\/sectorprensa.com.ar\/?p=64854","title":{"rendered":"La Provincia lanz\u00f3 la temporada de invierno"},"content":{"rendered":"\n<h6 class=\"wp-block-heading\"><strong>Fiestas populares en diferentes regiones, espacios recreativos, eventos con productos destacados y una oferta diversa de atractivos para todos los p\u00fablicos y bolsillos.<\/strong><\/h6>\n\n\n\n<p>El Ministerio de Producci\u00f3n, Ciencia e Innovaci\u00f3n Tecnol\u00f3gica de la Provincia, realiz\u00f3 este lunes el lanzamiento de la temporada invernal en la provincia de Buenos Aires con las presencias de la ministra de Comunicaci\u00f3n P\u00fablica provincial, Jesica Rey y de la subsecretaria de Turismo bonaerense, Soledad Mart\u00ednez; acompa\u00f1adas por el presidente de la C\u00e1mara de Turismo de la Provincia, Roberto Rodriguez, en el marco de la feria Caminos y Sabores.<\/p>\n\n\n\n<p>En vacaciones de invierno, durante m\u00e1s de 30 d\u00edas la Provincia acompa\u00f1ar\u00e1 con juegos, recreaci\u00f3n y beneficios del programa ReCreo a m\u00e1s de quince eventos y fiestas populares que se celebrar\u00e1n en diversos municipios bonaerenses.<\/p>\n\n\n\n<p>\u201cAsumimos el desaf\u00edo de dar a conocer todas las alternativas que tiene la provincia de Buenos Aires para estas vacaciones de invierno: opciones familiares y para todos los bolsillos en sierras, termas, playas y turismo de cercan\u00eda\u201d, expres\u00f3 la ministra Jesica Rey y agreg\u00f3: \u201cVamos a seguir acompa\u00f1ando al turismo durante todo el a\u00f1o porque, adem\u00e1s de las experiencias para quienes nos visitan, implica producci\u00f3n y m\u00e1s trabajo para las y los bonaerenses\u201d.<\/p>\n\n\n\n<p>A trav\u00e9s de Cuenta DNI del Banco Provincia se podr\u00e1 acceder a importantes beneficios para disfrutar del invierno Bueno, Bonito y Bonaerense: del s\u00e1bado 13 al domingo 28 de julio, habr\u00e1 un 30% de ahorro en fiestas populares, espect\u00e1culos y entretenimientos con tope de reintegro de hasta $6.000 por transacci\u00f3n. Y seis cuotas sin inter\u00e9s en alojamientos. Adem\u00e1s, los s\u00e1bados y domingos de julio habr\u00e1 30% de reintegro en gastronom\u00eda y del 8 al 28 de julio habr\u00e1 20% de ahorro en la Feria del Libro Infantil y Juvenil; y nuevas jornadas con 12 cuotas sin inter\u00e9s en Provincia Compras. Y todos los d\u00edas, un 10% de ahorro en transporte de pasajeros, un 15% en servicios automotores y bicicleter\u00edas y un 10% en chocolater\u00edas y confiter\u00edas.&nbsp;<\/p>\n\n\n\n<p>\u201cLa Provincia tiene muchos atractivos para aprovechar en invierno y contamos con beneficios en gastronom\u00eda, transporte, alojamiento y servicios relacionados a trav\u00e9s del Banco Provincia y Cuenta DNI\u201d, subray\u00f3, por su parte, la subsecretaria Soledad Mart\u00ednez.<\/p>\n\n\n\n<p>Durante el receso invernal, la delegaci\u00f3n de Turismo en Mar del Plata permanecer\u00e1 abierta de lunes a lunes para recibir consultas y proporcionar informaci\u00f3n tur\u00edstica. Adem\u00e1s, los d\u00edas 13, 14 y 15 de julio, Turismo de la Provincia se trasladar\u00e1 a Catamarca para dar a conocer sus atractivos imperdibles a nivel federal durante la Fiesta Nacional del Poncho.<\/p>\n\n\n\n<p>\u201cEl sector p\u00fablico le pone el hombro a la etapa que nos toca vivir desde el turismo. Es importante el acompa\u00f1amiento de la Provincia, del Banco para todos los prestadores. Las reservas para invierno vienen apareciendo y la Provincia cuenta con muchos atractivos\u201d, asegur\u00f3 Roberto Rodr\u00edguez de la C\u00e1mara de Turismo de la Provincia.<\/p>\n\n\n\n<p>Asimismo, el circuito enotur\u00edstico Vinos Buenos Aires ser\u00e1 protagonista en Catar 2024, el evento organizado por la Asociaci\u00f3n de Sommeliers de la Provincia para el 11 y 12 de julio.<\/p>\n\n\n\n<p>Con propuestas recreativas del programa ReCreo en los destinos de la Provincia, federalizaci\u00f3n de la oferta tur\u00edstica e instalaci\u00f3n de los productos destacados, el Ministerio de Producci\u00f3n, Ciencia e Innovaci\u00f3n Tecnol\u00f3gica bonaerense impulsa los viajes por la Provincia en el receso invernal y durante todo el a\u00f1o. Promover el turismo es generar m\u00e1s arraigo y m\u00e1s trabajo porque el Turismo es Producci\u00f3n.<\/p>\n\n\n\n<p>Cabe destacar que la provincia de Buenos Aires cuenta con un stand en la feria Caminos y Sabores que se desarrolla en La Rural, en donde 27 productores bonaerenses exponen sus productos y ofrecer\u00e1n m\u00e1s de 100 degustaciones y cocina en vivo, hasta el d\u00eda martes 9 de julio.<\/p>\n\n\n\n<figure class=\"wp-block-embed is-type-wp-embed is-provider-sector-prensa wp-block-embed-sector-prensa\"><div class=\"wp-block-embed__wrapper\">\n<blockquote class=\"wp-embedded-content\" data-secret=\"vkRA7w6V2N\"><a href=\"https:\/\/sectorprensa.com.ar\/?p=64785\">El gobierno bonaerense present\u00f3 un proyecto para una nueva Ley de G\u00f3ndolas<\/a><\/blockquote><iframe loading=\"lazy\" class=\"wp-embedded-content\" sandbox=\"allow-scripts\" security=\"restricted\" style=\"position: absolute; clip: rect(1px, 1px, 1px, 1px);\" title=\"\u00abEl gobierno bonaerense present\u00f3 un proyecto para una nueva Ley de G\u00f3ndolas\u00bb \u2014 Sector Prensa\" src=\"https:\/\/sectorprensa.com.ar\/?p=64785&#038;embed=true#?secret=RVbXlKIW7P#?secret=vkRA7w6V2N\" data-secret=\"vkRA7w6V2N\" width=\"600\" height=\"338\" frameborder=\"0\" marginwidth=\"0\" marginheight=\"0\" scrolling=\"no\"><\/iframe>\n<\/div><\/figure>\n","protected":false},"excerpt":{"rendered":"<p>Fiestas populares en diferentes regiones, espacios recreativos, eventos con productos destacados y una oferta diversa de atractivos para todos los<\/p>\n","protected":false},"author":6,"featured_media":64855,"comment_status":"closed","ping_status":"closed","sticky":false,"template":"","format":"standard","meta":{"colormag_page_container_layout":"default_layout","colormag_page_sidebar_layout":"default_layout","footnotes":""},"categories":[17,18,10],"tags":[2030],"class_list":["post-64854","post","type-post","status-publish","format-standard","has-post-thumbnail","hentry","category-destacadas","category-provincia","category-sociedad","tag-vacaciones-de-invierno"],"_links":{"self":[{"href":"https:\/\/sectorprensa.com.ar\/index.php?rest_route=\/wp\/v2\/posts\/64854","targetHints":{"allow":["GET"]}}],"collection":[{"href":"https:\/\/sectorprensa.com.ar\/index.php?rest_route=\/wp\/v2\/posts"}],"about":[{"href":"https:\/\/sectorprensa.com.ar\/index.php?rest_route=\/wp\/v2\/types\/post"}],"author":[{"embeddable":true,"href":"https:\/\/sectorprensa.com.ar\/index.php?rest_route=\/wp\/v2\/users\/6"}],"replies":[{"embeddable":true,"href":"https:\/\/sectorprensa.com.ar\/index.php?rest_route=%2Fwp%2Fv2%2Fcomments&post=64854"}],"version-history":[{"count":1,"href":"https:\/\/sectorprensa.com.ar\/index.php?rest_route=\/wp\/v2\/posts\/64854\/revisions"}],"predecessor-version":[{"id":64856,"href":"https:\/\/sectorprensa.com.ar\/index.php?rest_route=\/wp\/v2\/posts\/64854\/revisions\/64856"}],"wp:featuredmedia":[{"embeddable":true,"href":"https:\/\/sectorprensa.com.ar\/index.php?rest_route=\/wp\/v2\/media\/64855"}],"wp:attachment":[{"href":"https:\/\/sectorprensa.com.ar\/index.php?rest_route=%2Fwp%2Fv2%2Fmedia&parent=64854"}],"wp:term":[{"taxonomy":"category","embeddable":true,"href":"https:\/\/sectorprensa.com.ar\/index.php?rest_route=%2Fwp%2Fv2%2Fcategories&post=64854"},{"taxonomy":"post_tag","embeddable":true,"href":"https:\/\/sectorprensa.com.ar\/index.php?rest_route=%2Fwp%2Fv2%2Ftags&post=64854"}],"curies":[{"name":"wp","href":"https:\/\/api.w.org\/{rel}","templated":true}]}}