{"id":64862,"date":"2024-07-08T21:50:18","date_gmt":"2024-07-09T00:50:18","guid":{"rendered":"https:\/\/sectorprensa.com.ar\/?p=64862"},"modified":"2024-07-08T21:50:18","modified_gmt":"2024-07-09T00:50:18","slug":"el-gobierno-promulgo-la-ley-de-bases-y-el-paquete-fiscal","status":"publish","type":"post","link":"https:\/\/sectorprensa.com.ar\/?p=64862","title":{"rendered":"El gobierno promulg\u00f3 la Ley de Bases y el paquete fiscal"},"content":{"rendered":"\n<h6 class=\"wp-block-heading\"><strong>Lo hizo por medio de los Decretos 592 y 593. Con la promulgaci\u00f3n, el Presidente Javier Milei podr\u00e1 modificar o eliminar \u00f3rganos de la administraci\u00f3n centralizada y descentralizada, con algunas excepciones como universidades.<\/strong><\/h6>\n\n\n\n<p>En las horas previas a la firma del Pacto de Mayo, el gobierno nacional promulg\u00f3 la Ley de Bases y el paquete fiscal. Ambas normativas fueron publicadas en el Bolet\u00edn Oficial bajo los Decretos 592 y 593, y declaran la emergencia p\u00fablica en materia administrativa, econ\u00f3mica, financiera y energ\u00e9tica por un a\u00f1o. Adem\u00e1s, delega facultades al Presidente Javier Milei para llevar a cabo reformas en el Estado.<\/p>\n\n\n\n<p>El jefe de Estado podr\u00e1 modificar, eliminar o reorganizar \u00f3rganos de la administraci\u00f3n central y descentralizada, excepto universidades y ciertos organismos judiciales y legislativos.<\/p>\n\n\n\n<p>El texto lleva la firma del Jefe de Gabinete Nacional, Guillermo Francos, y el Ministro de Econom\u00eda, Luis Caputo.<\/p>\n\n\n\n<figure class=\"wp-block-embed is-type-wp-embed is-provider-sector-prensa wp-block-embed-sector-prensa\"><div class=\"wp-block-embed__wrapper\">\n<blockquote class=\"wp-embedded-content\" data-secret=\"MQTPJEozE5\"><a href=\"https:\/\/sectorprensa.com.ar\/?p=64801\">Milei prepara una cadena nacional para el Pacto de Mayo<\/a><\/blockquote><iframe loading=\"lazy\" class=\"wp-embedded-content\" sandbox=\"allow-scripts\" security=\"restricted\" style=\"position: absolute; clip: rect(1px, 1px, 1px, 1px);\" title=\"\u00abMilei prepara una cadena nacional para el Pacto de Mayo\u00bb \u2014 Sector Prensa\" src=\"https:\/\/sectorprensa.com.ar\/?p=64801&#038;embed=true#?secret=iFfoEXVmhr#?secret=MQTPJEozE5\" data-secret=\"MQTPJEozE5\" width=\"600\" height=\"338\" frameborder=\"0\" marginwidth=\"0\" marginheight=\"0\" scrolling=\"no\"><\/iframe>\n<\/div><\/figure>\n","protected":false},"excerpt":{"rendered":"<p>Lo hizo por medio de los Decretos 592 y 593. Con la promulgaci\u00f3n, el Presidente Javier Milei podr\u00e1 modificar o<\/p>\n","protected":false},"author":5,"featured_media":64863,"comment_status":"closed","ping_status":"closed","sticky":false,"template":"","format":"standard","meta":{"colormag_page_container_layout":"default_layout","colormag_page_sidebar_layout":"default_layout","footnotes":""},"categories":[17,8],"tags":[6221,8805],"class_list":["post-64862","post","type-post","status-publish","format-standard","has-post-thumbnail","hentry","category-destacadas","category-politica","tag-javier-milei","tag-ley-de-bases"],"_links":{"self":[{"href":"https:\/\/sectorprensa.com.ar\/index.php?rest_route=\/wp\/v2\/posts\/64862","targetHints":{"allow":["GET"]}}],"collection":[{"href":"https:\/\/sectorprensa.com.ar\/index.php?rest_route=\/wp\/v2\/posts"}],"about":[{"href":"https:\/\/sectorprensa.com.ar\/index.php?rest_route=\/wp\/v2\/types\/post"}],"author":[{"embeddable":true,"href":"https:\/\/sectorprensa.com.ar\/index.php?rest_route=\/wp\/v2\/users\/5"}],"replies":[{"embeddable":true,"href":"https:\/\/sectorprensa.com.ar\/index.php?rest_route=%2Fwp%2Fv2%2Fcomments&post=64862"}],"version-history":[{"count":1,"href":"https:\/\/sectorprensa.com.ar\/index.php?rest_route=\/wp\/v2\/posts\/64862\/revisions"}],"predecessor-version":[{"id":64864,"href":"https:\/\/sectorprensa.com.ar\/index.php?rest_route=\/wp\/v2\/posts\/64862\/revisions\/64864"}],"wp:featuredmedia":[{"embeddable":true,"href":"https:\/\/sectorprensa.com.ar\/index.php?rest_route=\/wp\/v2\/media\/64863"}],"wp:attachment":[{"href":"https:\/\/sectorprensa.com.ar\/index.php?rest_route=%2Fwp%2Fv2%2Fmedia&parent=64862"}],"wp:term":[{"taxonomy":"category","embeddable":true,"href":"https:\/\/sectorprensa.com.ar\/index.php?rest_route=%2Fwp%2Fv2%2Fcategories&post=64862"},{"taxonomy":"post_tag","embeddable":true,"href":"https:\/\/sectorprensa.com.ar\/index.php?rest_route=%2Fwp%2Fv2%2Ftags&post=64862"}],"curies":[{"name":"wp","href":"https:\/\/api.w.org\/{rel}","templated":true}]}}