{"id":64868,"date":"2024-07-09T15:05:13","date_gmt":"2024-07-09T18:05:13","guid":{"rendered":"https:\/\/sectorprensa.com.ar\/?p=64868"},"modified":"2024-07-09T15:05:14","modified_gmt":"2024-07-09T18:05:14","slug":"javier-milei-creo-el-consejo-de-mayo","status":"publish","type":"post","link":"https:\/\/sectorprensa.com.ar\/?p=64868","title":{"rendered":"Javier Milei cre\u00f3 el Consejo de Mayo"},"content":{"rendered":"\n<h6 class=\"wp-block-heading\"><strong>El Presidente lo anunci\u00f3 a trav\u00e9s de la cadena nacional, luego de la firma del Pacto de Mayo en Tucum\u00e1n, y explic\u00f3 que \u00abtendr\u00e1 la misi\u00f3n  de traducir cada uno de los incisos\u00bb.<\/strong><\/h6>\n\n\n\n<p>En la Casa de Tucum\u00e1n, y en el marco del inicio del D\u00eda de la Independencia, el Presidente Javier Milei puso la firma junto a 18 Gobernadores en el Pacto de Mayo, el cual permitir\u00e1 realizar reformas en el Congreso. Luego, brind\u00f3 un discurso en donde anunci\u00f3 la creaci\u00f3n del Consejo de Mayo y detall\u00f3 sus funciones.<\/p>\n\n\n\n<p>Los diez puntos del acuerdo: \u00abSon leyes b\u00e1sicas e inalterables de la econom\u00eda y matem\u00e1tica inobjetable. Cuando obedecimos estos principios como naci\u00f3n nos fue tan bien en tan poco tiempo que fuimos envidia del mundo entero\u00bb, se\u00f1al\u00f3 el jefe de Estado.<\/p>\n\n\n\n<p>Con respecto al Consejo, Milei detall\u00f3 que la funci\u00f3n del mismo ser\u00e1 \u00abtraducir cada uno de los incisos para lograr una legislaci\u00f3n efectiva en el Congreso\u00bb.<\/p>\n\n\n\n<p>Adem\u00e1s, el organismo contar\u00e1 con un Presidente, un representante del Poder Ejecutivo Nacional, uno de las C\u00e1maras de Diputados y Senadores, uno de las provincias, uno de las entidades gremiales y del sector empresarial.<\/p>\n\n\n\n<figure class=\"wp-block-embed is-type-wp-embed is-provider-sector-prensa wp-block-embed-sector-prensa\"><div class=\"wp-block-embed__wrapper\">\n<blockquote class=\"wp-embedded-content\" data-secret=\"ucR48fpDg0\"><a href=\"https:\/\/sectorprensa.com.ar\/?p=64862\">El gobierno promulg\u00f3 la Ley de Bases y el paquete fiscal<\/a><\/blockquote><iframe loading=\"lazy\" class=\"wp-embedded-content\" sandbox=\"allow-scripts\" security=\"restricted\" style=\"position: absolute; clip: rect(1px, 1px, 1px, 1px);\" title=\"\u00abEl gobierno promulg\u00f3 la Ley de Bases y el paquete fiscal\u00bb \u2014 Sector Prensa\" src=\"https:\/\/sectorprensa.com.ar\/?p=64862&#038;embed=true#?secret=19NPIYWA6x#?secret=ucR48fpDg0\" data-secret=\"ucR48fpDg0\" width=\"600\" height=\"338\" frameborder=\"0\" marginwidth=\"0\" marginheight=\"0\" scrolling=\"no\"><\/iframe>\n<\/div><\/figure>\n","protected":false},"excerpt":{"rendered":"<p>El Presidente lo anunci\u00f3 a trav\u00e9s de la cadena nacional, luego de la firma del Pacto de Mayo en Tucum\u00e1n,<\/p>\n","protected":false},"author":5,"featured_media":64869,"comment_status":"closed","ping_status":"closed","sticky":false,"template":"","format":"standard","meta":{"colormag_page_container_layout":"default_layout","colormag_page_sidebar_layout":"default_layout","footnotes":""},"categories":[17,8],"tags":[8789,6221,8633],"class_list":["post-64868","post","type-post","status-publish","format-standard","has-post-thumbnail","hentry","category-destacadas","category-politica","tag-consejo-de-mayo","tag-javier-milei","tag-pacto-de-mayo"],"_links":{"self":[{"href":"https:\/\/sectorprensa.com.ar\/index.php?rest_route=\/wp\/v2\/posts\/64868","targetHints":{"allow":["GET"]}}],"collection":[{"href":"https:\/\/sectorprensa.com.ar\/index.php?rest_route=\/wp\/v2\/posts"}],"about":[{"href":"https:\/\/sectorprensa.com.ar\/index.php?rest_route=\/wp\/v2\/types\/post"}],"author":[{"embeddable":true,"href":"https:\/\/sectorprensa.com.ar\/index.php?rest_route=\/wp\/v2\/users\/5"}],"replies":[{"embeddable":true,"href":"https:\/\/sectorprensa.com.ar\/index.php?rest_route=%2Fwp%2Fv2%2Fcomments&post=64868"}],"version-history":[{"count":1,"href":"https:\/\/sectorprensa.com.ar\/index.php?rest_route=\/wp\/v2\/posts\/64868\/revisions"}],"predecessor-version":[{"id":64870,"href":"https:\/\/sectorprensa.com.ar\/index.php?rest_route=\/wp\/v2\/posts\/64868\/revisions\/64870"}],"wp:featuredmedia":[{"embeddable":true,"href":"https:\/\/sectorprensa.com.ar\/index.php?rest_route=\/wp\/v2\/media\/64869"}],"wp:attachment":[{"href":"https:\/\/sectorprensa.com.ar\/index.php?rest_route=%2Fwp%2Fv2%2Fmedia&parent=64868"}],"wp:term":[{"taxonomy":"category","embeddable":true,"href":"https:\/\/sectorprensa.com.ar\/index.php?rest_route=%2Fwp%2Fv2%2Fcategories&post=64868"},{"taxonomy":"post_tag","embeddable":true,"href":"https:\/\/sectorprensa.com.ar\/index.php?rest_route=%2Fwp%2Fv2%2Ftags&post=64868"}],"curies":[{"name":"wp","href":"https:\/\/api.w.org\/{rel}","templated":true}]}}