{"id":64900,"date":"2024-07-10T16:10:27","date_gmt":"2024-07-10T19:10:27","guid":{"rendered":"https:\/\/sectorprensa.com.ar\/?p=64900"},"modified":"2024-07-10T16:10:28","modified_gmt":"2024-07-10T19:10:28","slug":"merlo-la-feria-de-la-empleabilidad-tecnologica-llega-al-distrito","status":"publish","type":"post","link":"https:\/\/sectorprensa.com.ar\/?p=64900","title":{"rendered":"Merlo: la Feria de la Empleabilidad Tecnol\u00f3gica llega al distrito"},"content":{"rendered":"\n<h6 class=\"wp-block-heading\"><strong>Durante la jornada, se dictar\u00e1n clases y cursos tecnol\u00f3gicos de manera gratuita. Se llevar\u00e1 a cabo este viernes, en la Casa de la Cultura. <\/strong><\/h6>\n\n\n\n<p>Este viernes se llevar\u00e1 a cabo la Feria de la Empleabilidad Tecnol\u00f3gica en Merlo, la cual tendr\u00e1 lugar de 10 a 18hs. Durante la jornada, habr\u00e1 una exposici\u00f3n en vivo de los cursos que ofrece la Subsecretar\u00eda de Innovaci\u00f3n Tecnol\u00f3gica. Adem\u00e1s, los vecinos contar\u00e1n con propuestas como una feria de emprendedores locales, presentaciones de artistas independientes y talleres interactivos.<\/p>\n\n\n\n<p>Sumado a estas opciones, tambi\u00e9n se brindar\u00e1n talleres de c\u00f3mo acceder a la primera experiencia laboral, charlas sobre programaci\u00f3n, impresi\u00f3n 3D y el efecto que tienen las pantallas digitales en la salud mental.<\/p>\n\n\n\n<p>Una vez finalizado el evento, quienes participaron de los diferentes cursos recibir\u00e1n su certificado en un acto de colaci\u00f3n.<\/p>\n\n\n\n<p class=\"has-text-align-center\"><strong>CRONOGRAMA<\/strong> <strong>DE CHARLAS<\/strong><\/p>\n\n\n\n<p><strong>10:00-10:30:<\/strong> TALLER \u201cMI PRIMER EMPLEO\u201d a cargo de Gustavo Villagra, el subsecretario de Trabajo, Empleo e Integraci\u00f3n Laboral.<br><strong>10:30-11:00: <\/strong>CHARLA \u201cAPREND\u00c9 PROGRAMANDO\u201d a cargo del profesor Demian Rodr\u00edguez<br><strong>11:00-11:30:<\/strong> EXPOSICI\u00d3N \u201cSEGURIDAD, HIGIENE Y EXPERIENCIA LABORAL\u201d a cargo de la profesora D\u00e9bora Vallejos.<br><strong>11:30-12:00:<\/strong> EXPOSICI\u00d3N \u201cARTES, TECNOLOG\u00cdAS E INDUSTRIAS CULTURAES: APORTES Y POSIBILIDADES\u201d a cargo del Dr. Esteban Calcagno.<br><strong>12:00-12:30: <\/strong>CHARLA EDUCACI\u00d3N, TECNOLOG\u00cdA Y TRABAJO\u201d a cargo del profesor Pablo Mileti.<br><strong>13:00-13:30:<\/strong> TALLER \u201cMI PRIMER EMPLEO\u201d a cargo de Gustavo Villagra.<br><strong>13:30-14:00: <\/strong>CHARLA \u201cROBOTICA: CAMPEONES DE MERLO 2024\u201d por la T\u00e9cnica N\u00b05<br><strong>14:00-14:30:<\/strong> EXPOSICI\u00d3N MULTIMEDIA DE SIGLO XXI\u201d a cargo del Lic. Jan Murphy<br><strong>14:30-15:00:<\/strong> EXPOSICI\u00d3N \u201cNUEVAS TECNOLOGIAS: DISPOSITIVOS M\u00d3VILES\u201d a cargo del profesor Gabriel Di Benedetto.<br><strong>15:00-15:30: <\/strong>EXPOSICI\u00d3N \u201cPANTALLAS DIGITALES: ANSIEDAD Y DEPRESI\u00d3N\u201d a cargo de la Lic. En Psicopedagog\u00eda Magali V\u00e1zquez.<br><strong>15:30-16:00:<\/strong> EXPOSICI\u00d3N \u201cIMPRESI\u00d3N 3D\u201d a cargo del Prof. Jos\u00e9 Dom\u00ednguez.<\/p>\n\n\n\n<figure class=\"wp-block-embed is-type-wp-embed is-provider-sector-prensa wp-block-embed-sector-prensa\"><div class=\"wp-block-embed__wrapper\">\n<blockquote class=\"wp-embedded-content\" data-secret=\"GZZNdIP7fF\"><a href=\"https:\/\/sectorprensa.com.ar\/?p=64842\">Merlo: la Pe\u00f1a Bonaerense lleg\u00f3 al distrito<\/a><\/blockquote><iframe loading=\"lazy\" class=\"wp-embedded-content\" sandbox=\"allow-scripts\" security=\"restricted\" style=\"position: absolute; clip: rect(1px, 1px, 1px, 1px);\" title=\"\u00abMerlo: la Pe\u00f1a Bonaerense lleg\u00f3 al distrito\u00bb \u2014 Sector Prensa\" src=\"https:\/\/sectorprensa.com.ar\/?p=64842&#038;embed=true#?secret=Nwa2H6qiSx#?secret=GZZNdIP7fF\" data-secret=\"GZZNdIP7fF\" width=\"600\" height=\"338\" frameborder=\"0\" marginwidth=\"0\" marginheight=\"0\" scrolling=\"no\"><\/iframe>\n<\/div><\/figure>\n","protected":false},"excerpt":{"rendered":"<p>Durante la jornada, se dictar\u00e1n clases y cursos tecnol\u00f3gicos de manera gratuita. Se llevar\u00e1 a cabo este viernes, en la<\/p>\n","protected":false},"author":5,"featured_media":64901,"comment_status":"closed","ping_status":"closed","sticky":false,"template":"","format":"standard","meta":{"colormag_page_container_layout":"default_layout","colormag_page_sidebar_layout":"default_layout","footnotes":""},"categories":[17,7,1173],"tags":[8904,25],"class_list":["post-64900","post","type-post","status-publish","format-standard","has-post-thumbnail","hentry","category-destacadas","category-merlo","category-municipales","tag-feria-de-empleabilidad-tecnologica","tag-merlo"],"_links":{"self":[{"href":"https:\/\/sectorprensa.com.ar\/index.php?rest_route=\/wp\/v2\/posts\/64900","targetHints":{"allow":["GET"]}}],"collection":[{"href":"https:\/\/sectorprensa.com.ar\/index.php?rest_route=\/wp\/v2\/posts"}],"about":[{"href":"https:\/\/sectorprensa.com.ar\/index.php?rest_route=\/wp\/v2\/types\/post"}],"author":[{"embeddable":true,"href":"https:\/\/sectorprensa.com.ar\/index.php?rest_route=\/wp\/v2\/users\/5"}],"replies":[{"embeddable":true,"href":"https:\/\/sectorprensa.com.ar\/index.php?rest_route=%2Fwp%2Fv2%2Fcomments&post=64900"}],"version-history":[{"count":1,"href":"https:\/\/sectorprensa.com.ar\/index.php?rest_route=\/wp\/v2\/posts\/64900\/revisions"}],"predecessor-version":[{"id":64902,"href":"https:\/\/sectorprensa.com.ar\/index.php?rest_route=\/wp\/v2\/posts\/64900\/revisions\/64902"}],"wp:featuredmedia":[{"embeddable":true,"href":"https:\/\/sectorprensa.com.ar\/index.php?rest_route=\/wp\/v2\/media\/64901"}],"wp:attachment":[{"href":"https:\/\/sectorprensa.com.ar\/index.php?rest_route=%2Fwp%2Fv2%2Fmedia&parent=64900"}],"wp:term":[{"taxonomy":"category","embeddable":true,"href":"https:\/\/sectorprensa.com.ar\/index.php?rest_route=%2Fwp%2Fv2%2Fcategories&post=64900"},{"taxonomy":"post_tag","embeddable":true,"href":"https:\/\/sectorprensa.com.ar\/index.php?rest_route=%2Fwp%2Fv2%2Ftags&post=64900"}],"curies":[{"name":"wp","href":"https:\/\/api.w.org\/{rel}","templated":true}]}}