{"id":64903,"date":"2024-07-10T16:40:43","date_gmt":"2024-07-10T19:40:43","guid":{"rendered":"https:\/\/sectorprensa.com.ar\/?p=64903"},"modified":"2024-07-10T16:40:43","modified_gmt":"2024-07-10T19:40:43","slug":"fernando-vilella-dejo-su-cargo-en-el-gobierno-nacional","status":"publish","type":"post","link":"https:\/\/sectorprensa.com.ar\/?p=64903","title":{"rendered":"Fernando Vilella dej\u00f3 su cargo en el gobierno nacional"},"content":{"rendered":"\n<h6 class=\"wp-block-heading\"><strong>El ahora ex Secretario de Bioeconom\u00eda habr\u00eda presentado su renuncia, de acuerdo a un comunicado, aunque algunas versiones hablan de un despido. Adem\u00e1s de su salida, el \u00e1rea que encabezaba cambi\u00f3 su denominaci\u00f3n.<\/strong><\/h6>\n\n\n\n<p>Este mi\u00e9rcoles, el gobierno nacional anunci\u00f3 que Fernando Vilella dej\u00f3 su cargo como Secretario de Bioeconom\u00eda, \u00e1rea que es dependiente del Ministerio de Econom\u00eda. Su lugar ser\u00e1 ocupado por Sergio Iraeta, quien se desempe\u00f1aba como Subsecretario de Producci\u00f3n Agropecuaria y Forestal. Por otra parte, la Secretar\u00eda de Bioeconom\u00eda pasar\u00e1 a llamarse de Agricultura, Ganader\u00eda y Pescader\u00eda, denominaci\u00f3n anterior.<\/p>\n\n\n\n<p>Si bien el comunicado emitido aclara que Vilella present\u00f3 su renuncia, fuentes cercanas al Presidente Javier Milei aseguran que se trat\u00f3 de un despido, ya que \u00abno era muy querido en el campo\u00bb. Por este motivo, decidieron reemplazarlo y optaron por Iraeta, cercano a Luis Caputo.<\/p>\n\n\n\n<p>\u00abEl secretario seguir\u00e1 trabajando en l\u00ednea con los objetivos del presidente Javier Milei de reducir la estructura burocr\u00e1tica del Estado, potenciar las capacidades de los productores agropecuarios, generar las condiciones para aumentar la competitividad y de seguir abriendo nuevos mercados para la heterog\u00e9nea producci\u00f3n agropecuaria nacional\u00bb, detallaron desde la cartera.<\/p>\n\n\n\n<p>\u00abEl campo argentino, coraz\u00f3n productivo de nuestra Patria, es un pilar fundamental para la prosperidad del pa\u00eds y tiene todo para aportar en la recuperaci\u00f3n de la econom\u00eda. Este Gobierno est\u00e1 del lado de los productores rurales, y reconoce el colosal sacrifico que han hecho para engrandecer a la Naci\u00f3n\u00bb, destacaron.<\/p>\n\n\n\n<figure class=\"wp-block-embed is-type-wp-embed is-provider-sector-prensa wp-block-embed-sector-prensa\"><div class=\"wp-block-embed__wrapper\">\n<blockquote class=\"wp-embedded-content\" data-secret=\"u13drpnYMY\"><a href=\"https:\/\/sectorprensa.com.ar\/?p=64868\">Javier Milei cre\u00f3 el Consejo de Mayo<\/a><\/blockquote><iframe loading=\"lazy\" class=\"wp-embedded-content\" sandbox=\"allow-scripts\" security=\"restricted\" style=\"position: absolute; clip: rect(1px, 1px, 1px, 1px);\" title=\"\u00abJavier Milei cre\u00f3 el Consejo de Mayo\u00bb \u2014 Sector Prensa\" src=\"https:\/\/sectorprensa.com.ar\/?p=64868&#038;embed=true#?secret=2G5b5ayWW3#?secret=u13drpnYMY\" data-secret=\"u13drpnYMY\" width=\"600\" height=\"338\" frameborder=\"0\" marginwidth=\"0\" marginheight=\"0\" scrolling=\"no\"><\/iframe>\n<\/div><\/figure>\n","protected":false},"excerpt":{"rendered":"<p>El ahora ex Secretario de Bioeconom\u00eda habr\u00eda presentado su renuncia, de acuerdo a un comunicado, aunque algunas versiones hablan de<\/p>\n","protected":false},"author":5,"featured_media":64904,"comment_status":"closed","ping_status":"closed","sticky":false,"template":"","format":"standard","meta":{"colormag_page_container_layout":"default_layout","colormag_page_sidebar_layout":"default_layout","footnotes":""},"categories":[17,8],"tags":[8905,6221,8906,8907],"class_list":["post-64903","post","type-post","status-publish","format-standard","has-post-thumbnail","hentry","category-destacadas","category-politica","tag-fernando-vilella","tag-javier-milei","tag-secretaria-de-bioeconomia","tag-sergio-iraeta"],"_links":{"self":[{"href":"https:\/\/sectorprensa.com.ar\/index.php?rest_route=\/wp\/v2\/posts\/64903","targetHints":{"allow":["GET"]}}],"collection":[{"href":"https:\/\/sectorprensa.com.ar\/index.php?rest_route=\/wp\/v2\/posts"}],"about":[{"href":"https:\/\/sectorprensa.com.ar\/index.php?rest_route=\/wp\/v2\/types\/post"}],"author":[{"embeddable":true,"href":"https:\/\/sectorprensa.com.ar\/index.php?rest_route=\/wp\/v2\/users\/5"}],"replies":[{"embeddable":true,"href":"https:\/\/sectorprensa.com.ar\/index.php?rest_route=%2Fwp%2Fv2%2Fcomments&post=64903"}],"version-history":[{"count":1,"href":"https:\/\/sectorprensa.com.ar\/index.php?rest_route=\/wp\/v2\/posts\/64903\/revisions"}],"predecessor-version":[{"id":64905,"href":"https:\/\/sectorprensa.com.ar\/index.php?rest_route=\/wp\/v2\/posts\/64903\/revisions\/64905"}],"wp:featuredmedia":[{"embeddable":true,"href":"https:\/\/sectorprensa.com.ar\/index.php?rest_route=\/wp\/v2\/media\/64904"}],"wp:attachment":[{"href":"https:\/\/sectorprensa.com.ar\/index.php?rest_route=%2Fwp%2Fv2%2Fmedia&parent=64903"}],"wp:term":[{"taxonomy":"category","embeddable":true,"href":"https:\/\/sectorprensa.com.ar\/index.php?rest_route=%2Fwp%2Fv2%2Fcategories&post=64903"},{"taxonomy":"post_tag","embeddable":true,"href":"https:\/\/sectorprensa.com.ar\/index.php?rest_route=%2Fwp%2Fv2%2Ftags&post=64903"}],"curies":[{"name":"wp","href":"https:\/\/api.w.org\/{rel}","templated":true}]}}