{"id":64907,"date":"2024-07-10T18:41:22","date_gmt":"2024-07-10T21:41:22","guid":{"rendered":"https:\/\/sectorprensa.com.ar\/?p=64907"},"modified":"2024-07-10T18:41:22","modified_gmt":"2024-07-10T21:41:22","slug":"deportivo-merlo-llega-al-clasico-con-una-derrota","status":"publish","type":"post","link":"https:\/\/sectorprensa.com.ar\/?p=64907","title":{"rendered":"Deportivo Merlo llega al cl\u00e1sico con una derrota"},"content":{"rendered":"\n<h6 class=\"wp-block-heading\"><strong>El Charro cay\u00f3 en su casa ante Liniers por 1 a 0, en la previa del duelo ante Argentino de Merlo. El equipo de Parque San Mart\u00edn sigue sin ganar en el torneo.<\/strong><\/h6>\n\n\n\n<p>Deportivo Merlo no levanta cabeza. En el Jos\u00e9 Manuel Moreno, cay\u00f3 ante Liniers por 1 a 0 en el encuentro correspondiente a la cuarta jornada del Clausura de la Primera B Metropolitana.<\/p>\n\n\n\n<p>El gol de la Topadora lleg\u00f3 a los 34 minutos de la primera parte, el encargado de convertir fue Mat\u00edas Linas.<\/p>\n\n\n\n<p>El Charro sigue sin conocer la victoria en el campeonato, se ubica 19\u00b0 en la tabla y acumula tan s\u00f3lo 2 unidades. Los dirigidos por Felipe De La Riva no llegan de la mejor manera para el cl\u00e1sico ante Argentino de Merlo, el cual se disputar\u00e1 el domingo a las 15hs en Merlo Norte.<\/p>\n\n\n\n<p><strong>FOTO: Prensa Deportivo Merlo.<\/strong><\/p>\n","protected":false},"excerpt":{"rendered":"<p>El Charro cay\u00f3 en su casa ante Liniers por 1 a 0, en la previa del duelo ante Argentino de<\/p>\n","protected":false},"author":5,"featured_media":64908,"comment_status":"closed","ping_status":"closed","sticky":false,"template":"","format":"standard","meta":{"colormag_page_container_layout":"default_layout","colormag_page_sidebar_layout":"default_layout","footnotes":""},"categories":[11],"tags":[5147,154],"class_list":["post-64907","post","type-post","status-publish","format-standard","has-post-thumbnail","hentry","category-deportes","tag-b-metro","tag-deportivo-merlo"],"_links":{"self":[{"href":"https:\/\/sectorprensa.com.ar\/index.php?rest_route=\/wp\/v2\/posts\/64907","targetHints":{"allow":["GET"]}}],"collection":[{"href":"https:\/\/sectorprensa.com.ar\/index.php?rest_route=\/wp\/v2\/posts"}],"about":[{"href":"https:\/\/sectorprensa.com.ar\/index.php?rest_route=\/wp\/v2\/types\/post"}],"author":[{"embeddable":true,"href":"https:\/\/sectorprensa.com.ar\/index.php?rest_route=\/wp\/v2\/users\/5"}],"replies":[{"embeddable":true,"href":"https:\/\/sectorprensa.com.ar\/index.php?rest_route=%2Fwp%2Fv2%2Fcomments&post=64907"}],"version-history":[{"count":1,"href":"https:\/\/sectorprensa.com.ar\/index.php?rest_route=\/wp\/v2\/posts\/64907\/revisions"}],"predecessor-version":[{"id":64909,"href":"https:\/\/sectorprensa.com.ar\/index.php?rest_route=\/wp\/v2\/posts\/64907\/revisions\/64909"}],"wp:featuredmedia":[{"embeddable":true,"href":"https:\/\/sectorprensa.com.ar\/index.php?rest_route=\/wp\/v2\/media\/64908"}],"wp:attachment":[{"href":"https:\/\/sectorprensa.com.ar\/index.php?rest_route=%2Fwp%2Fv2%2Fmedia&parent=64907"}],"wp:term":[{"taxonomy":"category","embeddable":true,"href":"https:\/\/sectorprensa.com.ar\/index.php?rest_route=%2Fwp%2Fv2%2Fcategories&post=64907"},{"taxonomy":"post_tag","embeddable":true,"href":"https:\/\/sectorprensa.com.ar\/index.php?rest_route=%2Fwp%2Fv2%2Ftags&post=64907"}],"curies":[{"name":"wp","href":"https:\/\/api.w.org\/{rel}","templated":true}]}}