{"id":64922,"date":"2024-07-11T00:04:41","date_gmt":"2024-07-11T03:04:41","guid":{"rendered":"https:\/\/sectorprensa.com.ar\/?p=64922"},"modified":"2024-07-11T00:04:42","modified_gmt":"2024-07-11T03:04:42","slug":"el-gobierno-nacional-lanzo-promociones-para-la-temporada-de-invierno","status":"publish","type":"post","link":"https:\/\/sectorprensa.com.ar\/?p=64922","title":{"rendered":"El gobierno nacional lanz\u00f3 promociones para la temporada de invierno"},"content":{"rendered":"\n<h6 class=\"wp-block-heading\"><strong>El lanzamiento de este programa similar al Previaje, se realiz\u00f3 con la presencia de diferentes funcionarios nacionales. Habr\u00e1 descuentos y financiamientos, dependiendo el transporte elegido.<\/strong><\/h6>\n\n\n\n<p>El gobierno nacional lanz\u00f3 este mi\u00e9rcoles una suerte de Previaje para la temporada de invierno, el cual tendr\u00e1 descuentos en viajes de tren y financiamiento en avi\u00f3n. El anuncio se realiz\u00f3 durante acto en el que participaron Luis Caputo (Ministro de Econom\u00eda), Guillermo Francos (Jefe de Gabinete), Federico Sturzenegger (Ministro de Desregulaci\u00f3n y Transformaci\u00f3n del Estado), Franco Mogetta (Secretario de Transporte), Daniel Scioli (Secretario de Turismo, Ambiente y Deportes) y Yanina Mart\u00ednez (Subsecretaria de Turismo).<\/p>\n\n\n\n<p>Quienes elijan el transporte a\u00e9reo para viajar podr\u00e1n abonar su pasaje en 6 o 12 cuotas sin inter\u00e9s, con tarjeta de cr\u00e9dito de diferentes bancos. La empresa FlyBondi ofrecer\u00e1 un 20% de descuento para jubilados en vuelos nacionales.<\/p>\n\n\n\n<p>En relaci\u00f3n a los trenes, tanto en los servicios de larga distancia como en los regionales, habr\u00e1 un descuento del 10% si el pasaje es adquirido de manera online, mientras que ser\u00e1 de 40% para pensionados y jubilados. Para los ni\u00f1os de 3 a 12 a\u00f1os el valor ser\u00e1 de la mitad, mientras que para personas con discapacidad y menores de 3 a\u00f1os es gratis.<\/p>\n\n\n\n<p>Los destinos en este transporte son desde y hacia Buenos Aires, conectando con destinos como Mar del Plata, Pinamar, C\u00f3rdoba, Jun\u00edn, Bragado, Pehuaj\u00f3, Tucum\u00e1n o Rosario. Adem\u00e1s, se podr\u00e1 utilizar el servicio regional en las provincias de Santiago del Estero, C\u00f3rdoba, Santa Fe, Neuqu\u00e9n, Entre R\u00edos, Chaco y Salta.<\/p>\n\n\n\n<p>Asimismo, para los micros de media y larga distancia, durante la temporada invernal, diferentes empresas ofrecer\u00e1n descuentos especiales si se abona de forma online o a trav\u00e9s de las APP, tarifas especiales en los d\u00edas de menor demanda y el programa Cuota Simple, con planes de financiamiento que permite comprar el boleto en 3, 6, 9 y 12 cuotas con tarjetas de cr\u00e9dito.<\/p>\n\n\n\n<p>En cuanto a cruceros, las empresas tendr\u00e1n una bonificaci\u00f3n del 23,5% para los buques que superen las 30 mil toneladas, se agregar\u00e1 un 5% si tiene diez recaladas.<\/p>\n\n\n\n<figure class=\"wp-block-embed is-type-wp-embed is-provider-sector-prensa wp-block-embed-sector-prensa\"><div class=\"wp-block-embed__wrapper\">\n<blockquote class=\"wp-embedded-content\" data-secret=\"ayRtIpfjFN\"><a href=\"https:\/\/sectorprensa.com.ar\/?p=64854\">La Provincia lanz\u00f3 la temporada de invierno<\/a><\/blockquote><iframe loading=\"lazy\" class=\"wp-embedded-content\" sandbox=\"allow-scripts\" security=\"restricted\" style=\"position: absolute; clip: rect(1px, 1px, 1px, 1px);\" title=\"\u00abLa Provincia lanz\u00f3 la temporada de invierno\u00bb \u2014 Sector Prensa\" src=\"https:\/\/sectorprensa.com.ar\/?p=64854&#038;embed=true#?secret=1cqUU56eNM#?secret=ayRtIpfjFN\" data-secret=\"ayRtIpfjFN\" width=\"600\" height=\"338\" frameborder=\"0\" marginwidth=\"0\" marginheight=\"0\" scrolling=\"no\"><\/iframe>\n<\/div><\/figure>\n","protected":false},"excerpt":{"rendered":"<p>El lanzamiento de este programa similar al Previaje, se realiz\u00f3 con la presencia de diferentes funcionarios nacionales. Habr\u00e1 descuentos y<\/p>\n","protected":false},"author":5,"featured_media":64923,"comment_status":"closed","ping_status":"closed","sticky":false,"template":"","format":"standard","meta":{"colormag_page_container_layout":"default_layout","colormag_page_sidebar_layout":"default_layout","footnotes":""},"categories":[17,8,10],"tags":[838,2030],"class_list":["post-64922","post","type-post","status-publish","format-standard","has-post-thumbnail","hentry","category-destacadas","category-politica","category-sociedad","tag-transporte","tag-vacaciones-de-invierno"],"_links":{"self":[{"href":"https:\/\/sectorprensa.com.ar\/index.php?rest_route=\/wp\/v2\/posts\/64922","targetHints":{"allow":["GET"]}}],"collection":[{"href":"https:\/\/sectorprensa.com.ar\/index.php?rest_route=\/wp\/v2\/posts"}],"about":[{"href":"https:\/\/sectorprensa.com.ar\/index.php?rest_route=\/wp\/v2\/types\/post"}],"author":[{"embeddable":true,"href":"https:\/\/sectorprensa.com.ar\/index.php?rest_route=\/wp\/v2\/users\/5"}],"replies":[{"embeddable":true,"href":"https:\/\/sectorprensa.com.ar\/index.php?rest_route=%2Fwp%2Fv2%2Fcomments&post=64922"}],"version-history":[{"count":1,"href":"https:\/\/sectorprensa.com.ar\/index.php?rest_route=\/wp\/v2\/posts\/64922\/revisions"}],"predecessor-version":[{"id":64924,"href":"https:\/\/sectorprensa.com.ar\/index.php?rest_route=\/wp\/v2\/posts\/64922\/revisions\/64924"}],"wp:featuredmedia":[{"embeddable":true,"href":"https:\/\/sectorprensa.com.ar\/index.php?rest_route=\/wp\/v2\/media\/64923"}],"wp:attachment":[{"href":"https:\/\/sectorprensa.com.ar\/index.php?rest_route=%2Fwp%2Fv2%2Fmedia&parent=64922"}],"wp:term":[{"taxonomy":"category","embeddable":true,"href":"https:\/\/sectorprensa.com.ar\/index.php?rest_route=%2Fwp%2Fv2%2Fcategories&post=64922"},{"taxonomy":"post_tag","embeddable":true,"href":"https:\/\/sectorprensa.com.ar\/index.php?rest_route=%2Fwp%2Fv2%2Ftags&post=64922"}],"curies":[{"name":"wp","href":"https:\/\/api.w.org\/{rel}","templated":true}]}}