{"id":65061,"date":"2024-07-17T11:34:32","date_gmt":"2024-07-17T14:34:32","guid":{"rendered":"https:\/\/sectorprensa.com.ar\/?p=65061"},"modified":"2024-07-17T11:34:33","modified_gmt":"2024-07-17T14:34:33","slug":"moron-actividades-gratuitas-para-disfrutar-las-vacaciones-de-invierno-en-todos-los-barrios","status":"publish","type":"post","link":"https:\/\/sectorprensa.com.ar\/?p=65061","title":{"rendered":"Mor\u00f3n: actividades gratuitas para disfrutar las vacaciones de invierno en todos los barrios"},"content":{"rendered":"\n<h6 class=\"wp-block-heading\"><strong>Hasta el domingo 28 el Municipio lleva adelante numerosas propuestas culturales y recreativas para toda la familia.<\/strong><\/h6>\n\n\n\n<p id=\"82f8\">El Municipio de Mor\u00f3n lleva a cabo diferentes actividades gratuitas para ni\u00f1os, ni\u00f1as y personas de todas las edades. Se realizan funciones de cine, teatro, shows para toda la familia, talleres educativos, visitas guiadas, actividades recreativas y mucho m\u00e1s. Adem\u00e1s, hay eventos especiales en la Biblioteca Municipal, el Museo Mor\u00f3n, el Espacio Paracone y la Casa Museo Mar\u00eda Elena Walsh.<\/p>\n\n\n\n<p id=\"7c3b\">El intendente de Mor\u00f3n Lucas Ghi destac\u00f3 las actividades organizadas por el Estado local:\u00a0\u201cHay propuestas deportivas, culturales, art\u00edsticas, de calidad, que no s\u00f3lo permitan disfrutar y recrearse en esta recesi\u00f3n invernal, sino que tambi\u00e9n es un momento de muestra y desarrollo art\u00edstico para muchos elencos y trabajadores de la cultura de Mor\u00f3n. Pueden consultar la grilla en las redes del municipio y encontrar propuestas todos los d\u00edas, en todos los barrios, para pasarla bien, para divertirse, para recrearse y fundamentalmente para cargar pilas\u201d.<\/p>\n\n\n\n<p id=\"f272\">Pod\u00e9s conocer la programaci\u00f3n completa con todas las actividades&nbsp;<a href=\"https:\/\/telegra.ph\/Prensa-Municipio-de-Mor%C3%B3n-06-25-6?fbclid=IwZXh0bgNhZW0CMTAAAR2Ujszqon7PnEHgPPSO_e2HPnqXJBEx3Un2dLMkLUTycKmaobxIZUS5i7c_aem_z4d1QCS1_wIXTD000PbbVg\" rel=\"noreferrer noopener\" target=\"_blank\">ingresando al siguiente link<\/a>.<\/p>\n\n\n\n<p id=\"01ea\">El Teatro Municipal Gregorio de Laferrere (Brown y San Mart\u00edn, Mor\u00f3n) presenta una amplia selecci\u00f3n de espect\u00e1culos teatrales a las 14 y 16hs. En cuanto a cine, los lunes, mi\u00e9rcoles y viernes a las 18hs se proyectan pel\u00edculas para las infancias mientras que los martes y jueves hay funciones para juventudes en el mismo horario. Las entradas se retiran de manera presencial una hora antes de cada funci\u00f3n, con un m\u00e1ximo de 4 entradas por adulto presente.<\/p>\n\n\n\n<p id=\"a2e2\">En el apartado cultural, todos los barrios llevan adelante espect\u00e1culos art\u00edsticos con juegos, circo, actividades varias y Flow de Barrio. Por otro lado, tambi\u00e9n hay encuentros deportivos en distintos espacios del distrito y en zonas descentralizadas como plazas y espacios comunales.<\/p>\n\n\n\n<p id=\"79ea\">De mi\u00e9rcoles a domingos a partir de las 15hs, se realizan visitas guiadas por las Reservas Urbanas de Castelar (Prudan y Arena) y El Palomar (Corval\u00e1n y Derqui). Adem\u00e1s, durante el recorrido se llevan a cabo talleres de siembra y juegos ambientales.<\/p>\n\n\n\n<p id=\"6c01\">Al mismo tiempo, se pueden realizar recorridas por el Espacio de Memoria Mansi\u00f3n Ser\u00e9, que ofrece un recorrido por la historia reciente de nuestro pa\u00eds y el Espacio por la Memoria de los Pueblos Originarios. Las mismas se llevan a cabo en el Predio Quinta Ser\u00e9 (Santa Mar\u00eda de Oro 3530, Castelar), de lunes a viernes de 10 a 17hs.<\/p>\n\n\n\n<p id=\"fe60\">Por \u00faltimo, est\u00e1 abierta la Colonia de invierno para personas con discapacidad intelectual y sensorial de lunes a viernes de 14 a 17hs, en el Predio Quinta Ser\u00e9 (Santa Mar\u00eda de Oro 3530, Castelar).<\/p>\n\n\n\n<figure class=\"wp-block-embed is-type-wp-embed is-provider-sector-prensa wp-block-embed-sector-prensa\"><div class=\"wp-block-embed__wrapper\">\n<blockquote class=\"wp-embedded-content\" data-secret=\"SQts7fUiPc\"><a href=\"https:\/\/sectorprensa.com.ar\/?p=65028\">Mor\u00f3n contin\u00faa con la asistencia a personas en situaci\u00f3n de calle<\/a><\/blockquote><iframe loading=\"lazy\" class=\"wp-embedded-content\" sandbox=\"allow-scripts\" security=\"restricted\" style=\"position: absolute; clip: rect(1px, 1px, 1px, 1px);\" title=\"\u00abMor\u00f3n contin\u00faa con la asistencia a personas en situaci\u00f3n de calle\u00bb \u2014 Sector Prensa\" src=\"https:\/\/sectorprensa.com.ar\/?p=65028&#038;embed=true#?secret=Fet23SllhQ#?secret=SQts7fUiPc\" data-secret=\"SQts7fUiPc\" width=\"600\" height=\"338\" frameborder=\"0\" marginwidth=\"0\" marginheight=\"0\" scrolling=\"no\"><\/iframe>\n<\/div><\/figure>\n","protected":false},"excerpt":{"rendered":"<p>Hasta el domingo 28 el Municipio lleva adelante numerosas propuestas culturales y recreativas para toda la familia. El Municipio de<\/p>\n","protected":false},"author":6,"featured_media":65062,"comment_status":"closed","ping_status":"closed","sticky":false,"template":"","format":"standard","meta":{"colormag_page_container_layout":"default_layout","colormag_page_sidebar_layout":"default_layout","footnotes":""},"categories":[17,5,1173,10],"tags":[2525,2030],"class_list":["post-65061","post","type-post","status-publish","format-standard","has-post-thumbnail","hentry","category-destacadas","category-moron","category-municipales","category-sociedad","tag-moron-2","tag-vacaciones-de-invierno"],"_links":{"self":[{"href":"https:\/\/sectorprensa.com.ar\/index.php?rest_route=\/wp\/v2\/posts\/65061","targetHints":{"allow":["GET"]}}],"collection":[{"href":"https:\/\/sectorprensa.com.ar\/index.php?rest_route=\/wp\/v2\/posts"}],"about":[{"href":"https:\/\/sectorprensa.com.ar\/index.php?rest_route=\/wp\/v2\/types\/post"}],"author":[{"embeddable":true,"href":"https:\/\/sectorprensa.com.ar\/index.php?rest_route=\/wp\/v2\/users\/6"}],"replies":[{"embeddable":true,"href":"https:\/\/sectorprensa.com.ar\/index.php?rest_route=%2Fwp%2Fv2%2Fcomments&post=65061"}],"version-history":[{"count":1,"href":"https:\/\/sectorprensa.com.ar\/index.php?rest_route=\/wp\/v2\/posts\/65061\/revisions"}],"predecessor-version":[{"id":65063,"href":"https:\/\/sectorprensa.com.ar\/index.php?rest_route=\/wp\/v2\/posts\/65061\/revisions\/65063"}],"wp:featuredmedia":[{"embeddable":true,"href":"https:\/\/sectorprensa.com.ar\/index.php?rest_route=\/wp\/v2\/media\/65062"}],"wp:attachment":[{"href":"https:\/\/sectorprensa.com.ar\/index.php?rest_route=%2Fwp%2Fv2%2Fmedia&parent=65061"}],"wp:term":[{"taxonomy":"category","embeddable":true,"href":"https:\/\/sectorprensa.com.ar\/index.php?rest_route=%2Fwp%2Fv2%2Fcategories&post=65061"},{"taxonomy":"post_tag","embeddable":true,"href":"https:\/\/sectorprensa.com.ar\/index.php?rest_route=%2Fwp%2Fv2%2Ftags&post=65061"}],"curies":[{"name":"wp","href":"https:\/\/api.w.org\/{rel}","templated":true}]}}