{"id":65375,"date":"2024-07-28T21:16:00","date_gmt":"2024-07-29T00:16:00","guid":{"rendered":"https:\/\/sectorprensa.com.ar\/?p=65375"},"modified":"2024-07-29T14:19:24","modified_gmt":"2024-07-29T17:19:24","slug":"el-verde-gano-y-se-ilusiona","status":"publish","type":"post","link":"https:\/\/sectorprensa.com.ar\/?p=65375","title":{"rendered":"El Verde gan\u00f3 y se ilusiona"},"content":{"rendered":"\n<h6 class=\"wp-block-heading\"><strong>Fue victoria de Ituzaing\u00f3 ante J.J.Urquiza por 1 a 0 con gol de penal de Alcides Miranda Moreira y volvi\u00f3 al triunfo en el Sacaan en el Torneo Clausura, donde todav\u00eda no hab\u00eda podido ganar.<\/strong><\/h6>\n\n\n\n<p>En el arranque del partido, fue todo muy parejo, predomin\u00f3 la marca y la presi\u00f3n. La primera situaci\u00f3n para el Le\u00f3n fue a los 20 minutos, donde se lo perdi\u00f3 Alan Sotelo, en un mano a mano que contuvo el arquero visitante.<\/p>\n\n\n\n<p>El complemento mostr\u00f3 lo mejor de los dirigidos por Mat\u00edas De Cicco. Con m\u00e1s actitud, se lo llev\u00f3 por delante al \u201cCeleste\u201d, y a los 15 minutos, se abri\u00f3 el marcador.<\/p>\n\n\n\n<p>Penal y expulsi\u00f3n para Nahuel Larrosa, y gol de Alcides Miranda Moreira que no perdon\u00f3 y puso el 1 a 0 que ser\u00eda el resultado final.<\/p>\n\n\n\n<p>Cabe mencionar que <strong>Ituzaing\u00f3 quebr\u00f3 una racha de 48 partidos sin tener un penal a favor<\/strong>. El \u00faltimo hab\u00eda sido el 20 de noviembre del 2021, hace tres a\u00f1os.<\/p>\n\n\n\n<p>El due\u00f1o de casa pudo ampliar, pero fall\u00f3 en la puntada final, y JJ en su af\u00e1n de empatar, se le fue la pierna y se fue expulsado Alan L\u00f3pez.<\/p>\n\n\n\n<p>Ya con once contra nueve, Ituzaing\u00f3 domin\u00f3 y pudo sentenciar el partido, aunque fall\u00f3 en los metros finales, y se lleg\u00f3 al final del encuentro.<\/p>\n\n\n\n<p>Justo triunfo del Verde en el Sacaan donde sum\u00f3 su primera victoria en casa y qued\u00f3 cuarto en la tabla de posiciones con ocho unidades.<\/p>\n\n\n\n<p>En la pr\u00f3xima fecha, el Le\u00f3n visitar\u00e1 a Yupanqui, el s\u00e1bado 3 de agosto, a las 15 hs, en Ciudad Evita, con el objetivo de ganar para quedar arriba en el Torneo Clausura de la Primera C.<\/p>\n\n\n\n<p><strong>S\u00edntesis<\/strong>:<\/p>\n\n\n\n<p><strong>Ituzaing\u00f3<\/strong> (1): Mat\u00edas Giroldi; Alan Sotelo, Emmanuel Mantovani, Leonel C\u00f3rdoba, Giovanni Centuri\u00f3n; Cristian Seltzer, Celso B\u00e1ez, \u00c1ngel Luna, Alcides Miranda Moreira; Alan Visco y Agust\u00edn Faillace.<\/p>\n\n\n\n<p><strong>Suplentes<\/strong>: Blas Pisano, Alejo Politano, Lautaro Ch\u00e1vez, Juan Fanti, Fernando L\u00f3pez, Lautaro Mena, Santiago Piersigilli, Franco Luppino, Franco Petrone.<\/p>\n\n\n\n<p><strong>DT<\/strong>: Mat\u00edas De Cicco<\/p>\n\n\n\n<p><strong>J.J.Urquiza<\/strong> (0): Lautaro Barraza; Sergio Carluccio, Rodrigo Cavallera, Adri\u00e1n Alfonzo, Nahuel Larrosa; Alan L\u00f3pez, Sergio Alfonzo, Apolo Rapp, Braian Ceballos; Nehu\u00e9n Montoya y Fabi\u00e1n Lucero.<\/p>\n\n\n\n<p><strong>Suplentes<\/strong>: Facundo Dur\u00e1n, Ramiro Morales, Lautaro Ferro, Thiago Milanese, Luca Mart\u00ednez Dubroff, Kevin Urtado, Gabriel Tabares, Joaqu\u00edn Del Castillo, Bruno Romagnoli.<\/p>\n\n\n\n<p><strong>DT<\/strong>: Mat\u00edas Mazmud<\/p>\n\n\n\n<p><strong>Goles<\/strong>: 60&#8242; Alcides Miranda Moreira (ITU)<\/p>\n\n\n\n<p><strong>Cambios<\/strong>: 65&#8242; Santiago Piersigilli x Alcides Miranda Moreira (ITU), 70&#8242; Franco Luppino x \u00c1ngel Luna (ITU), 70&#8242; Alejo Politano x Leonel C\u00f3rdoba (ITU), 80&#8242; Lautaro Mena x Alan Visco (ITU), 80&#8242; Lautaro Ch\u00e1vez x Alan Sotelo (ITU)<\/p>\n\n\n\n<p><strong>Amonestados<\/strong>: \u00c1ngel Luna (ITU), Giovanni Centuri\u00f3n (ITU), Adri\u00e1n Alfonzo (J.J)<\/p>\n\n\n\n<p><strong>Expulsados<\/strong>: 59\u2019 Nahuel Larrosa (JJ), 76\u2019 Alan L\u00f3pez (JJ)<\/p>\n\n\n\n<p><strong>\u00c1rbitro<\/strong>: Ignacio Cuicchi (BIEN)<\/p>\n\n\n\n<p><strong>Estadio<\/strong>: Carlos Sacaan (ITUZAING\u00d3)<\/p>\n\n\n\n<p><strong><em>Por: Juan Jos\u00e9 Levrero<\/em><\/strong><\/p>\n\n\n\n<p><strong><em>Foto: Prensa Club Atl\u00e9tico Ituzaing\u00f3 <\/em><\/strong><strong><em><\/em><\/strong><\/p>\n","protected":false},"excerpt":{"rendered":"<p>Fue victoria de Ituzaing\u00f3 ante J.J.Urquiza por 1 a 0 con gol de penal de Alcides Miranda Moreira y volvi\u00f3<\/p>\n","protected":false},"author":1,"featured_media":65376,"comment_status":"closed","ping_status":"closed","sticky":false,"template":"","format":"standard","meta":{"colormag_page_container_layout":"default_layout","colormag_page_sidebar_layout":"default_layout","footnotes":""},"categories":[11],"tags":[2528,91],"class_list":["post-65375","post","type-post","status-publish","format-standard","has-post-thumbnail","hentry","category-deportes","tag-club-atletico-ituzaingo","tag-primera-c"],"_links":{"self":[{"href":"https:\/\/sectorprensa.com.ar\/index.php?rest_route=\/wp\/v2\/posts\/65375","targetHints":{"allow":["GET"]}}],"collection":[{"href":"https:\/\/sectorprensa.com.ar\/index.php?rest_route=\/wp\/v2\/posts"}],"about":[{"href":"https:\/\/sectorprensa.com.ar\/index.php?rest_route=\/wp\/v2\/types\/post"}],"author":[{"embeddable":true,"href":"https:\/\/sectorprensa.com.ar\/index.php?rest_route=\/wp\/v2\/users\/1"}],"replies":[{"embeddable":true,"href":"https:\/\/sectorprensa.com.ar\/index.php?rest_route=%2Fwp%2Fv2%2Fcomments&post=65375"}],"version-history":[{"count":1,"href":"https:\/\/sectorprensa.com.ar\/index.php?rest_route=\/wp\/v2\/posts\/65375\/revisions"}],"predecessor-version":[{"id":65377,"href":"https:\/\/sectorprensa.com.ar\/index.php?rest_route=\/wp\/v2\/posts\/65375\/revisions\/65377"}],"wp:featuredmedia":[{"embeddable":true,"href":"https:\/\/sectorprensa.com.ar\/index.php?rest_route=\/wp\/v2\/media\/65376"}],"wp:attachment":[{"href":"https:\/\/sectorprensa.com.ar\/index.php?rest_route=%2Fwp%2Fv2%2Fmedia&parent=65375"}],"wp:term":[{"taxonomy":"category","embeddable":true,"href":"https:\/\/sectorprensa.com.ar\/index.php?rest_route=%2Fwp%2Fv2%2Fcategories&post=65375"},{"taxonomy":"post_tag","embeddable":true,"href":"https:\/\/sectorprensa.com.ar\/index.php?rest_route=%2Fwp%2Fv2%2Ftags&post=65375"}],"curies":[{"name":"wp","href":"https:\/\/api.w.org\/{rel}","templated":true}]}}