{"id":65918,"date":"2024-08-18T14:33:34","date_gmt":"2024-08-18T17:33:34","guid":{"rendered":"https:\/\/sectorprensa.com.ar\/?p=65918"},"modified":"2024-08-18T14:33:35","modified_gmt":"2024-08-18T17:33:35","slug":"pretender-cobrar-en-el-sistema-publico-es-una-barbaridad","status":"publish","type":"post","link":"https:\/\/sectorprensa.com.ar\/?p=65918","title":{"rendered":"\u00abPretender cobrar en el sistema p\u00fablico es una barbaridad\u00bb"},"content":{"rendered":"\n<h6 class=\"wp-block-heading\"><strong>Nicol\u00e1s Kreplak, Ministro de Salud bonaerense, apunt\u00f3 contra el gobierno nacional debido a su iniciativa de cobrar la atenci\u00f3n m\u00e9dica a los extranjeros. \u00abLas personas no residentes que acceden a ella son menores al 1%\u00bb, dijo el funcionario.<\/strong><\/h6>\n\n\n\n<p>En su disertaci\u00f3n en la Facultad de Psicolog\u00eda de la Universidad Nacional de Rosario, Nicol\u00e1s Kreplak sali\u00f3 al cruce del Ministro de Salud Nacional, Mario Russo, debido al avance en el cobro de la atenci\u00f3n m\u00e9dica en hospitales p\u00fablicos a los extranjeros. El titular de la cartera de Salud bonaerense, calific\u00f3 esta actitud como \u00abuna barbaridad\u00bb.<\/p>\n\n\n\n<p>\u00abPretender cobrar en el sistema p\u00fablico es una barbaridad, nadie que sea parte del sistema discute si alguien por no ser argentino o no vivir en nuestro pa\u00eds podr\u00eda quedarse sin atenci\u00f3n\u00bb, afirm\u00f3 Kreplak.<\/p>\n\n\n\n<p>Continuando con el tema, manifest\u00f3 que los extranjeros que acceden a la salud p\u00fablica representan \u00abmenos del 1%\u00bb y que es solamente un argumento para un \u00abtremendo ajuste\u00bb.<\/p>\n\n\n\n<p>El gobierno nacional planea implementar una ley en la que se autorice el cobro de la atenci\u00f3n de salud a las personas no residentes. \u00abHay cambios que quiero implementar para profundizar el criterio de la descentralizaci\u00f3n, pero se necesitar\u00e1 un marco de leyes. Hay que levantar la emergencia sanitaria que rige hace 20 a\u00f1os, buscar una soluci\u00f3n y una reforma tributaria para el sector\u00bb, hab\u00eda indicado Russo.<\/p>\n\n\n\n<figure class=\"wp-block-embed is-type-wp-embed is-provider-sector-prensa wp-block-embed-sector-prensa\"><div class=\"wp-block-embed__wrapper\">\n<blockquote class=\"wp-embedded-content\" data-secret=\"3yb88SqZXX\"><a href=\"https:\/\/sectorprensa.com.ar\/?p=65891\">Kicillof crear\u00e1 un organismo para buscar a personas apropiadas en la dictadura<\/a><\/blockquote><iframe loading=\"lazy\" class=\"wp-embedded-content\" sandbox=\"allow-scripts\" security=\"restricted\" style=\"position: absolute; clip: rect(1px, 1px, 1px, 1px);\" title=\"\u00abKicillof crear\u00e1 un organismo para buscar a personas apropiadas en la dictadura\u00bb \u2014 Sector Prensa\" src=\"https:\/\/sectorprensa.com.ar\/?p=65891&#038;embed=true#?secret=XW6Qsjjdno#?secret=3yb88SqZXX\" data-secret=\"3yb88SqZXX\" width=\"600\" height=\"338\" frameborder=\"0\" marginwidth=\"0\" marginheight=\"0\" scrolling=\"no\"><\/iframe>\n<\/div><\/figure>\n","protected":false},"excerpt":{"rendered":"<p>Nicol\u00e1s Kreplak, Ministro de Salud bonaerense, apunt\u00f3 contra el gobierno nacional debido a su iniciativa de cobrar la atenci\u00f3n m\u00e9dica<\/p>\n","protected":false},"author":5,"featured_media":65919,"comment_status":"closed","ping_status":"closed","sticky":false,"template":"","format":"standard","meta":{"colormag_page_container_layout":"default_layout","colormag_page_sidebar_layout":"default_layout","footnotes":""},"categories":[6828,8,18],"tags":[2553,6221,4691],"class_list":["post-65918","post","type-post","status-publish","format-standard","has-post-thumbnail","hentry","category-mas-destacadas","category-politica","category-provincia","tag-extranjeros","tag-javier-milei","tag-nicolas-kreplak"],"_links":{"self":[{"href":"https:\/\/sectorprensa.com.ar\/index.php?rest_route=\/wp\/v2\/posts\/65918","targetHints":{"allow":["GET"]}}],"collection":[{"href":"https:\/\/sectorprensa.com.ar\/index.php?rest_route=\/wp\/v2\/posts"}],"about":[{"href":"https:\/\/sectorprensa.com.ar\/index.php?rest_route=\/wp\/v2\/types\/post"}],"author":[{"embeddable":true,"href":"https:\/\/sectorprensa.com.ar\/index.php?rest_route=\/wp\/v2\/users\/5"}],"replies":[{"embeddable":true,"href":"https:\/\/sectorprensa.com.ar\/index.php?rest_route=%2Fwp%2Fv2%2Fcomments&post=65918"}],"version-history":[{"count":1,"href":"https:\/\/sectorprensa.com.ar\/index.php?rest_route=\/wp\/v2\/posts\/65918\/revisions"}],"predecessor-version":[{"id":65920,"href":"https:\/\/sectorprensa.com.ar\/index.php?rest_route=\/wp\/v2\/posts\/65918\/revisions\/65920"}],"wp:featuredmedia":[{"embeddable":true,"href":"https:\/\/sectorprensa.com.ar\/index.php?rest_route=\/wp\/v2\/media\/65919"}],"wp:attachment":[{"href":"https:\/\/sectorprensa.com.ar\/index.php?rest_route=%2Fwp%2Fv2%2Fmedia&parent=65918"}],"wp:term":[{"taxonomy":"category","embeddable":true,"href":"https:\/\/sectorprensa.com.ar\/index.php?rest_route=%2Fwp%2Fv2%2Fcategories&post=65918"},{"taxonomy":"post_tag","embeddable":true,"href":"https:\/\/sectorprensa.com.ar\/index.php?rest_route=%2Fwp%2Fv2%2Ftags&post=65918"}],"curies":[{"name":"wp","href":"https:\/\/api.w.org\/{rel}","templated":true}]}}