{"id":65934,"date":"2024-08-19T00:11:22","date_gmt":"2024-08-19T03:11:22","guid":{"rendered":"https:\/\/sectorprensa.com.ar\/?p=65934"},"modified":"2024-08-19T00:11:23","modified_gmt":"2024-08-19T03:11:23","slug":"dia-de-las-infancias-las-ventas-cayeron-144-respecto-a-2023","status":"publish","type":"post","link":"https:\/\/sectorprensa.com.ar\/?p=65934","title":{"rendered":"D\u00eda de las Infancias: las ventas cayeron 14,4% respecto a 2023"},"content":{"rendered":"\n<h6 class=\"wp-block-heading\"><strong>En un marco en el que la ca\u00edda del consumo es general, los festejos no quedan al margen: en este caso las compras se orientaron hacia lo esencial y funcional, lo que los m\u00e1s chicos \u201cnecesitan\u201d m\u00e1s all\u00e1 de los art\u00edculos deseados<\/strong><\/h6>\n\n\n\n<p>Las ventas minoristas pymes por el D\u00eda de las Infancias cayeron 14,4% respecto a la misma celebraci\u00f3n del a\u00f1o pasado. En l\u00edneas generales, las familias se orientaron a buscar productos econ\u00f3micos o en oferta, y se observ\u00f3 un consumo m\u00e1s cauteloso que el del a\u00f1o anterior. En un marco en el que la ca\u00edda del consumo es general, los festejos no quedan al margen: en este caso las compras se orientaron hacia lo esencial y funcional, lo que los m\u00e1s chicos \u201cnecesitan\u201d m\u00e1s all\u00e1 de los art\u00edculos deseados, seg\u00fan inform\u00f3 la Confederaci\u00f3n Argentina de la Mediana Empresa (CAME).<\/p>\n\n\n\n<p>De acuerdo al sondeo, para la mitad de los comerciantes consultados el magro resultado de la fecha no sorprendi\u00f3 y estuvo dentro de las expectativas, aunque otro 25% se\u00f1al\u00f3 que fue peor o mucho peor a lo esperado y 26,9% opin\u00f3 que fue mejor o mucho mejor.<\/p>\n\n\n\n<p>El monto promedio de las ventas estuvo en los $32.000, un 165% m\u00e1s que en la \u00faltima medici\u00f3n, muy por debajo de la inflaci\u00f3n anual, lo que refleja c\u00f3mo el ajuste en las compras se hizo m\u00e1s por valor que por unidades adquiridas. \u201cEste a\u00f1o el 60,4% de los comercios realiz\u00f3 alguna promoci\u00f3n, 10 puntos por encima del a\u00f1o pasado, cuando s\u00f3lo 50% hab\u00edan apelado a ese recurso que en la Argentina se vuelve m\u00e1s abundante en \u00e9pocas de poca demanda\u201d, indic\u00f3 CAME.<\/p>\n\n\n\n<figure class=\"wp-block-embed is-type-rich is-provider-twitter wp-block-embed-twitter\"><div class=\"wp-block-embed__wrapper\">\n<blockquote class=\"twitter-tweet\" data-width=\"550\" data-dnt=\"true\"><p lang=\"es\" dir=\"ltr\">\ud83d\uded2 Las <a href=\"https:\/\/twitter.com\/hashtag\/ventas?src=hash&amp;ref_src=twsrc%5Etfw\">#ventas<\/a> minoristas <a href=\"https:\/\/twitter.com\/hashtag\/pymes?src=hash&amp;ref_src=twsrc%5Etfw\">#pymes<\/a> por el D\u00eda de de las Infancias cayeron 14,4% frente a la misma fecha del a\u00f1o pasado. Fue una semana en la que las familias se orientaron a buscar productos econ\u00f3micos o en oferta.<br><br>\ud83d\udecd\ufe0fSe observ\u00f3 un consumo m\u00e1s cauteloso que el del a\u00f1o anterior,\u2026 <a href=\"https:\/\/t.co\/oxvlSz5cEY\">pic.twitter.com\/oxvlSz5cEY<\/a><\/p>&mdash; CAME (@redcame) <a href=\"https:\/\/twitter.com\/redcame\/status\/1825196394874868193?ref_src=twsrc%5Etfw\">August 18, 2024<\/a><\/blockquote><script async src=\"https:\/\/platform.twitter.com\/widgets.js\" charset=\"utf-8\"><\/script>\n<\/div><\/figure>\n\n\n\n<p>Todos los rubros relevados vendieron menos que en la misma celebraci\u00f3n del a\u00f1o pasado. Los m\u00e1s afectados por la p\u00e9rdida de consumo fueron los vinculados a la tecnolog\u00eda, como \u201cequipos de audio, video, celulares y accesorios\u201d, con una baja interanual de 39,6%, seguido por \u201ccalzado y marroquiner\u00eda\u201d (-15,5%).<\/p>\n\n\n\n<p>En el rubro \u201cindumentaria y accesorios\u201d las ventas cayeron 12,5% respecto a 2023, a precios constantes, y el ticket promedi\u00f3 los $ 27.213. Fue uno de los rubros en el que m\u00e1s descuentos hubo, con rebajas de hasta 50% y posibilidades amplias de pagos en cuotas sin inter\u00e9s.<\/p>\n\n\n\n<p>En las jugueter\u00edas, sector que espera esta fecha casi como la Navidad y Reyes, las ventas cayeron 6,1% frente al a\u00f1o pasado y el ticket promedi\u00f3 los $ 30.626. Las ventas se activaron principalmente el s\u00e1bado por la tarde, donde se pudo ver mucha circulaci\u00f3n de gente en los locales, aunque el rango de edad para los que se eligen juguetes sigue bajando cada a\u00f1o.<\/p>\n\n\n\n<figure class=\"wp-block-embed is-type-wp-embed is-provider-sector-prensa wp-block-embed-sector-prensa\"><div class=\"wp-block-embed__wrapper\">\n<blockquote class=\"wp-embedded-content\" data-secret=\"D5FLxx6UjG\"><a href=\"https:\/\/sectorprensa.com.ar\/?p=65888\">\u201cEstamos con expectativas moderadas por el contexto econ\u00f3mico\u201d, se\u00f1alan desde la C\u00e1mara Argentina del Juguete<\/a><\/blockquote><iframe loading=\"lazy\" class=\"wp-embedded-content\" sandbox=\"allow-scripts\" security=\"restricted\" style=\"position: absolute; clip: rect(1px, 1px, 1px, 1px);\" title=\"\u00ab\u201cEstamos con expectativas moderadas por el contexto econ\u00f3mico\u201d, se\u00f1alan desde la C\u00e1mara Argentina del Juguete\u00bb \u2014 Sector Prensa\" src=\"https:\/\/sectorprensa.com.ar\/?p=65888&#038;embed=true#?secret=0tvdwA2qux#?secret=D5FLxx6UjG\" data-secret=\"D5FLxx6UjG\" width=\"600\" height=\"338\" frameborder=\"0\" marginwidth=\"0\" marginheight=\"0\" scrolling=\"no\"><\/iframe>\n<\/div><\/figure>\n","protected":false},"excerpt":{"rendered":"<p>En un marco en el que la ca\u00edda del consumo es general, los festejos no quedan al margen: en este<\/p>\n","protected":false},"author":6,"featured_media":65935,"comment_status":"closed","ping_status":"closed","sticky":false,"template":"","format":"standard","meta":{"colormag_page_container_layout":"default_layout","colormag_page_sidebar_layout":"default_layout","footnotes":""},"categories":[6828,10],"tags":[6061,1898],"class_list":["post-65934","post","type-post","status-publish","format-standard","has-post-thumbnail","hentry","category-mas-destacadas","category-sociedad","tag-came","tag-dia-del-nino"],"_links":{"self":[{"href":"https:\/\/sectorprensa.com.ar\/index.php?rest_route=\/wp\/v2\/posts\/65934","targetHints":{"allow":["GET"]}}],"collection":[{"href":"https:\/\/sectorprensa.com.ar\/index.php?rest_route=\/wp\/v2\/posts"}],"about":[{"href":"https:\/\/sectorprensa.com.ar\/index.php?rest_route=\/wp\/v2\/types\/post"}],"author":[{"embeddable":true,"href":"https:\/\/sectorprensa.com.ar\/index.php?rest_route=\/wp\/v2\/users\/6"}],"replies":[{"embeddable":true,"href":"https:\/\/sectorprensa.com.ar\/index.php?rest_route=%2Fwp%2Fv2%2Fcomments&post=65934"}],"version-history":[{"count":2,"href":"https:\/\/sectorprensa.com.ar\/index.php?rest_route=\/wp\/v2\/posts\/65934\/revisions"}],"predecessor-version":[{"id":65937,"href":"https:\/\/sectorprensa.com.ar\/index.php?rest_route=\/wp\/v2\/posts\/65934\/revisions\/65937"}],"wp:featuredmedia":[{"embeddable":true,"href":"https:\/\/sectorprensa.com.ar\/index.php?rest_route=\/wp\/v2\/media\/65935"}],"wp:attachment":[{"href":"https:\/\/sectorprensa.com.ar\/index.php?rest_route=%2Fwp%2Fv2%2Fmedia&parent=65934"}],"wp:term":[{"taxonomy":"category","embeddable":true,"href":"https:\/\/sectorprensa.com.ar\/index.php?rest_route=%2Fwp%2Fv2%2Fcategories&post=65934"},{"taxonomy":"post_tag","embeddable":true,"href":"https:\/\/sectorprensa.com.ar\/index.php?rest_route=%2Fwp%2Fv2%2Ftags&post=65934"}],"curies":[{"name":"wp","href":"https:\/\/api.w.org\/{rel}","templated":true}]}}