{"id":65949,"date":"2024-08-18T21:07:16","date_gmt":"2024-08-19T00:07:16","guid":{"rendered":"https:\/\/sectorprensa.com.ar\/?p=65949"},"modified":"2024-08-18T21:07:16","modified_gmt":"2024-08-19T00:07:16","slug":"centro-espanol-perdio-dos-puntos-sobre-el-final","status":"publish","type":"post","link":"https:\/\/sectorprensa.com.ar\/?p=65949","title":{"rendered":"Centro Espa\u00f1ol perdi\u00f3 dos puntos sobre el final"},"content":{"rendered":"\n<h6 class=\"wp-block-heading\"><strong>El Gallego igual\u00f3 contra Victoriano Arenas 1 a 1 en su visita a Valent\u00edn Alsina. Si bien jug\u00f3 con un hombre m\u00e1s gran parte del segundo tiempo, el equipo de Villa Sarmiento no pudo aguantar el resultado.<\/strong><\/h6>\n\n\n\n<p>Centro Espa\u00f1ol se trajo un punto de Valent\u00edn Alsina, pero con gusto a poco. En el duelo correspondiente a la octava fecha del Clausura de la Primera C, igual\u00f3 contra Victoriano Arenas 1 a 1 en el Estadio Saturnino Moure.<\/p>\n\n\n\n<p>Lo m\u00e1s destacable del encuentro transcurri\u00f3 en la segunda parte. A los 10 minutos, el local se qued\u00f3 con diez jugadores debido a que Mat\u00edas Blanco vio la roja. Cuando se disputaban 41&#8242; Maximiliano Jerez pon\u00eda en ventaja al Gallego y todo hac\u00eda indicar que los tres puntos se iban a Villa Sarmiento. Pero faltaba algo m\u00e1s. En el sexto minuto de adici\u00f3n, CAVA lleg\u00f3 al empate gracias al tanto de Lucas P\u00e9rez.<\/p>\n\n\n\n<p>El equipo de Mat\u00edas Torres lleva tres partidos sin poder ganar y se encuentra 9\u00b0 con 12 puntos, a cinco del puntero Deportivo Espa\u00f1ol. En la pr\u00f3xima jornada, quedar\u00e1 libre y luego recibir\u00e1 nada menos que al l\u00edder del certamen.<\/p>\n","protected":false},"excerpt":{"rendered":"<p>El Gallego igual\u00f3 contra Victoriano Arenas 1 a 1 en su visita a Valent\u00edn Alsina. Si bien jug\u00f3 con un<\/p>\n","protected":false},"author":5,"featured_media":65950,"comment_status":"closed","ping_status":"closed","sticky":false,"template":"","format":"standard","meta":{"colormag_page_container_layout":"default_layout","colormag_page_sidebar_layout":"default_layout","footnotes":""},"categories":[11],"tags":[744,91],"class_list":["post-65949","post","type-post","status-publish","format-standard","has-post-thumbnail","hentry","category-deportes","tag-centro-espanol","tag-primera-c"],"_links":{"self":[{"href":"https:\/\/sectorprensa.com.ar\/index.php?rest_route=\/wp\/v2\/posts\/65949","targetHints":{"allow":["GET"]}}],"collection":[{"href":"https:\/\/sectorprensa.com.ar\/index.php?rest_route=\/wp\/v2\/posts"}],"about":[{"href":"https:\/\/sectorprensa.com.ar\/index.php?rest_route=\/wp\/v2\/types\/post"}],"author":[{"embeddable":true,"href":"https:\/\/sectorprensa.com.ar\/index.php?rest_route=\/wp\/v2\/users\/5"}],"replies":[{"embeddable":true,"href":"https:\/\/sectorprensa.com.ar\/index.php?rest_route=%2Fwp%2Fv2%2Fcomments&post=65949"}],"version-history":[{"count":1,"href":"https:\/\/sectorprensa.com.ar\/index.php?rest_route=\/wp\/v2\/posts\/65949\/revisions"}],"predecessor-version":[{"id":65953,"href":"https:\/\/sectorprensa.com.ar\/index.php?rest_route=\/wp\/v2\/posts\/65949\/revisions\/65953"}],"wp:featuredmedia":[{"embeddable":true,"href":"https:\/\/sectorprensa.com.ar\/index.php?rest_route=\/wp\/v2\/media\/65950"}],"wp:attachment":[{"href":"https:\/\/sectorprensa.com.ar\/index.php?rest_route=%2Fwp%2Fv2%2Fmedia&parent=65949"}],"wp:term":[{"taxonomy":"category","embeddable":true,"href":"https:\/\/sectorprensa.com.ar\/index.php?rest_route=%2Fwp%2Fv2%2Fcategories&post=65949"},{"taxonomy":"post_tag","embeddable":true,"href":"https:\/\/sectorprensa.com.ar\/index.php?rest_route=%2Fwp%2Fv2%2Ftags&post=65949"}],"curies":[{"name":"wp","href":"https:\/\/api.w.org\/{rel}","templated":true}]}}